{"id":2129,"date":"2022-12-12T14:09:25","date_gmt":"2022-12-12T13:09:25","guid":{"rendered":"https:\/\/lifedivaqua.com\/el-agua-nos-une\/"},"modified":"2023-02-13T21:00:21","modified_gmt":"2023-02-13T20:00:21","slug":"el-agua-nos-une","status":"publish","type":"post","link":"https:\/\/lifedivaqua.com\/en\/el-agua-nos-une\/","title":{"rendered":"EL AGUA NOS UNE"},"content":{"rendered":"\n<h2 class=\"wp-block-heading\"><strong><em>La \u00faltima jornada EL AGUA IMPORTA \u00bfC\u00d3MO MEJORAR LA DIVERSIDAD ACU\u00c1TICA EN PICOS DE EUROPA? ha reforzado el impacto social fomentando la participaci\u00f3n entre los vecinos de Picos de Europa. El agua nos une a trabajar por un futuro sostenible para los ecosistemas acu\u00e1ticos y la conservaci\u00f3n de las especies que dependen de ellos.<\/em><\/strong><\/h2>\n\n\n\n<p>Con el desarrollo de la \u00faltima jornada DIVAQUA Participa <strong>\u201cEL AGUA IMPORTA \u00bfC\u00f3mo mejorar la diversidad acu\u00e1tica en Picos de Europa?\u201d<\/strong> en Potes (Cantabria), avanza el programa de participaci\u00f3n que LIFE DIVAQUA ha dise\u00f1ado para incentivar la implicaci\u00f3n de los habitantes y agentes socioecon\u00f3micos de Picos de Europa en la conservaci\u00f3n de los h\u00e1bitats ligados a sus ecosistemas acu\u00e1ticos. Una nueva jornada que, gracias a la participaci\u00f3n, en conjunto favorecen el sentir compartido de que el agua nos une.<\/p>\n\n\n\n<h3 class=\"wp-block-heading\">Todas las opiniones cuentan<\/h3>\n\n\n\n<p>Los diferentes puntos de vista de los sectores socioecon\u00f3micos representados entre las personas que han asistido (Administraci\u00f3n, sector ganadero, cultural y turismo) han validado que el inter\u00e9s del proyecto por fomentar el di\u00e1logo sobre los ecosistemas acu\u00e1ticos de monta\u00f1a y su conservaci\u00f3n es real en el territorio.<\/p>\n\n\n\n<p>Durante su desarrollo se han ido conociendo las actuaciones que LIFE DIVAQUA ha desarrollado hasta el momento y aquellas que est\u00e1n en proceso de realizaci\u00f3n en el pr\u00f3ximo a\u00f1o para restaurar y mejorar los ecosistemas acu\u00e1ticos de Picos de Europa y a la vez fomentar la conservaci\u00f3n de sus especies de inter\u00e9s comunitario.<\/p>\n\n\n\n<h3 class=\"wp-block-heading\">DIVAQUA en marcha<\/h3>\n\n\n\n<p>Los participantes tambi\u00e9n han conocido los retos ambientales a los que se enfrenta el proyecto como por ejemplo mejorar las condiciones del manantial de Fuente D\u00e9 y su entorno.<\/p>\n\n\n\n<p>Asimismo los asistentes han podido a\u00f1adir sus propuestas de colaboraci\u00f3n e intereses que m\u00e1s les preocupan y motivan sobre su entorno. Tal es el caso de la limpieza de los r\u00edos, que consideran requiere una soluci\u00f3n de car\u00e1cter integral seg\u00fan manifestaron durante la din\u00e1mica de participaci\u00f3n llevada a cabo en el desarrollo de la jornada.<\/p>\n\n\n\n<p>Otro de los grandes problemas que se han puesto de manifiesto y que despierta la preocupaci\u00f3n ambiental de los agentes socioecon\u00f3micos de Picos de Europa son las captaciones de agua que se realizan en los r\u00edos y que afectan no solo al curso fluvial como corredor biol\u00f3gico sino a sus especies.<\/p>\n\n\n\n<h3 class=\"wp-block-heading\">Unirse por el medioambiente<\/h3>\n\n\n\n<p>La participaci\u00f3n a lo largo de todo el proceso abierto da lugar a la creaci\u00f3n y fortalecimiento de v\u00ednculos entre personas, organismos y entidades para favorecer el estado de conservaci\u00f3n de los ecosistemas acu\u00e1ticos y la mejora en el estado de sus especies.<\/p>\n\n\n\n<p>Contar con ellos pone de manifiesto una positiva respuesta a divulgar sobre las actuaciones de LIFE DIVAQUA, ya que no solo crea interrelaciones sino que las ha fortalecido amplificando as\u00ed el impacto social.<\/p>\n\n\n\n<h3 class=\"wp-block-heading\">Custodia del territorio para conservar<\/h3>\n\n\n\n<p>Tambi\u00e9n se ha despertado un inter\u00e9s por conocer la custodia del territorio como herramienta de conservaci\u00f3n que desde Administraciones p\u00fablicas, hasta entidades y organismos puede llegar a desarrollarse. Incluso puede ser exitosa desde el \u00e1mbito personal si existen deseos de implicaci\u00f3n por conservar un determinado entorno acu\u00e1tico.<\/p>\n\n\n\n<p>Esta iniciativa se enmarca dentro de las actuaciones de participaci\u00f3n de LIFE DIVAQUA. Busca mejorar la conservaci\u00f3n de Picos de Europa y su entorno, un lugar con una elevada biodiversidad y alto valor ecol\u00f3gico.<\/p>\n\n\n\n<p>El proyecto europeo<strong> LIFE18 NAT\/ES\/000121 DIVAQUA <\/strong>est\u00e1 coordinado por la <a href=\"https:\/\/web.unican.es\/\">Universidad de Cantabria<\/a> a trav\u00e9s del Instituto de Hidr\u00e1ulica Ambiental. Cuenta con la contribuci\u00f3n financiera del Programa LIFE de la Uni\u00f3n Europea y lo cofinancia la&nbsp;<a href=\"https:\/\/www.cantabria.es\/web\/consejeria-de-desarrollo-rural-ganaderia-pesca-y-biodiversidad\" target=\"_blank\" rel=\"noreferrer noopener\">Consejer\u00eda de Desarrollo Rural, Ganader\u00eda, Pesca, Alimentaci\u00f3n y Medio Ambiente del Gobierno de Cantabria<\/a>.<\/p>\n\n\n\n<p>Son socios beneficiarios del proyecto <a href=\"https:\/\/redcambera.org\/\" target=\"_blank\" rel=\"noreferrer noopener\">Red Cambera<\/a>,&nbsp;<a href=\"https:\/\/www.csic.es\/\" target=\"_blank\" rel=\"noreferrer noopener\">Consejo Superior de Investigaciones Cient\u00edficas (CSIC)<\/a>,&nbsp;<a href=\"https:\/\/www.itagra.com\/\" target=\"_blank\" rel=\"noreferrer noopener\">Centro Tecnol\u00f3gico Agrario y Agroalimentario Itagra.CT<\/a>,&nbsp;<a href=\"https:\/\/www.repsol.es\/es\/index.cshtml\" target=\"_blank\" rel=\"noreferrer noopener\">Repsol<\/a>,&nbsp;<a href=\"https:\/\/fundacionih.es\/\" target=\"_blank\" rel=\"noreferrer noopener\">la Fundaci\u00f3n Instituto de Hidr\u00e1ulica Ambiental Cantabria<\/a>. Adem\u00e1s de los Gobiernos auton\u00f3micos del&nbsp;<a href=\"http:\/\/movil.asturias.es\/\" target=\"_blank\" rel=\"noreferrer noopener\">Principado de Asturias<\/a>&nbsp;y la&nbsp;<a href=\"https:\/\/www.jcyl.es\/\" target=\"_blank\" rel=\"noreferrer noopener\">Junta de Castilla y Le\u00f3n<\/a>.<\/p>\n","protected":false},"excerpt":{"rendered":"<p>La \u00faltima jornada EL AGUA IMPORTA \u00bfC\u00d3MO MEJORAR LA DIVERSIDAD ACU\u00c1TICA EN PICOS DE EUROPA? ha reforzado el impacto social fomentando la participaci\u00f3n entre los vecinos de Picos de Europa. El agua nos une a trabajar por un futuro sostenible para los ecosistemas acu\u00e1ticos y&#8230;<\/p>\n","protected":false},"author":3,"featured_media":2126,"comment_status":"open","ping_status":"closed","sticky":false,"template":"","format":"standard","meta":{"footnotes":""},"categories":[31],"tags":[137,34,36,103,32,105,33],"class_list":["post-2129","post","type-post","status-publish","format-standard","has-post-thumbnail","hentry","category-noticias-en","tag-agua-en","tag-conservacion-en","tag-ecosistemas-acuaticos-en","tag-jornada-en","tag-life-divaqua-en","tag-participacion-en","tag-picos-de-europa-en"],"yoast_head":"<!-- This site is optimized with the Yoast SEO plugin v27.4 - https:\/\/yoast.com\/product\/yoast-seo-wordpress\/ -->\n<title>EL AGUA NOS UNE - Mejorando la Diversidad Acuatica en Picos de Europa<\/title>\n<meta name=\"description\" content=\"Una nueva jornada de participaci\u00f3n DIVAQUA fortalece v\u00ednculos por la conservaci\u00f3n de los ecosistemas acu\u00e1ticos de Picos de Europa.\" \/>\n<meta name=\"robots\" content=\"index, follow, max-snippet:-1, max-image-preview:large, max-video-preview:-1\" \/>\n<link rel=\"canonical\" href=\"https:\/\/lifedivaqua.com\/en\/el-agua-nos-une\/\" \/>\n<meta property=\"og:locale\" content=\"en_US\" \/>\n<meta property=\"og:type\" content=\"article\" \/>\n<meta property=\"og:title\" content=\"EL AGUA NOS UNE - Mejorando la Diversidad Acuatica en Picos de Europa\" \/>\n<meta property=\"og:description\" content=\"Una nueva jornada de participaci\u00f3n DIVAQUA fortalece v\u00ednculos por la conservaci\u00f3n de los ecosistemas acu\u00e1ticos de Picos de Europa.\" \/>\n<meta property=\"og:url\" content=\"https:\/\/lifedivaqua.com\/en\/el-agua-nos-une\/\" \/>\n<meta property=\"og:site_name\" content=\"Mejorando la Diversidad Acuatica en Picos de Europa\" \/>\n<meta property=\"article:published_time\" content=\"2022-12-12T13:09:25+00:00\" \/>\n<meta property=\"article:modified_time\" content=\"2023-02-13T20:00:21+00:00\" \/>\n<meta property=\"og:image\" content=\"https:\/\/lifedivaqua.com\/wp-content\/uploads\/2022\/12\/1670849082479-scaled.jpeg\" \/>\n\t<meta property=\"og:image:width\" content=\"2560\" \/>\n\t<meta property=\"og:image:height\" content=\"1448\" \/>\n\t<meta property=\"og:image:type\" content=\"image\/jpeg\" \/>\n<meta name=\"author\" content=\"Mar Ram\u00edrez\" \/>\n<meta name=\"twitter:card\" content=\"summary_large_image\" \/>\n<meta name=\"twitter:label1\" content=\"Written by\" \/>\n\t<meta name=\"twitter:data1\" content=\"Mar Ram\u00edrez\" \/>\n\t<meta name=\"twitter:label2\" content=\"Est. reading time\" \/>\n\t<meta name=\"twitter:data2\" content=\"3 minutes\" \/>\n<script type=\"application\/ld+json\" class=\"yoast-schema-graph\">{\"@context\":\"https:\\\/\\\/schema.org\",\"@graph\":[{\"@type\":\"Article\",\"@id\":\"https:\\\/\\\/lifedivaqua.com\\\/en\\\/el-agua-nos-une\\\/#article\",\"isPartOf\":{\"@id\":\"https:\\\/\\\/lifedivaqua.com\\\/en\\\/el-agua-nos-une\\\/\"},\"author\":{\"name\":\"Mar Ram\u00edrez\",\"@id\":\"https:\\\/\\\/lifedivaqua.com\\\/#\\\/schema\\\/person\\\/450d8a0aed043f1b7ae8d2e0e39952a6\"},\"headline\":\"EL AGUA NOS UNE\",\"datePublished\":\"2022-12-12T13:09:25+00:00\",\"dateModified\":\"2023-02-13T20:00:21+00:00\",\"mainEntityOfPage\":{\"@id\":\"https:\\\/\\\/lifedivaqua.com\\\/en\\\/el-agua-nos-une\\\/\"},\"wordCount\":719,\"commentCount\":0,\"image\":{\"@id\":\"https:\\\/\\\/lifedivaqua.com\\\/en\\\/el-agua-nos-une\\\/#primaryimage\"},\"thumbnailUrl\":\"https:\\\/\\\/lifedivaqua.com\\\/wp-content\\\/uploads\\\/2022\\\/12\\\/1670849082479-scaled.jpeg\",\"keywords\":[\"agua\",\"conservaci\u00f3n\",\"ecosistemas acu\u00e1ticos\",\"jornada\",\"LIFE Divaqua\",\"participaci\u00f3n\",\"Picos de Europa\"],\"articleSection\":[\"Noticias\"],\"inLanguage\":\"en-US\",\"potentialAction\":[{\"@type\":\"CommentAction\",\"name\":\"Comment\",\"target\":[\"https:\\\/\\\/lifedivaqua.com\\\/en\\\/el-agua-nos-une\\\/#respond\"]}]},{\"@type\":\"WebPage\",\"@id\":\"https:\\\/\\\/lifedivaqua.com\\\/en\\\/el-agua-nos-une\\\/\",\"url\":\"https:\\\/\\\/lifedivaqua.com\\\/en\\\/el-agua-nos-une\\\/\",\"name\":\"EL AGUA NOS UNE - Mejorando la Diversidad Acuatica en Picos de Europa\",\"isPartOf\":{\"@id\":\"https:\\\/\\\/lifedivaqua.com\\\/#website\"},\"primaryImageOfPage\":{\"@id\":\"https:\\\/\\\/lifedivaqua.com\\\/en\\\/el-agua-nos-une\\\/#primaryimage\"},\"image\":{\"@id\":\"https:\\\/\\\/lifedivaqua.com\\\/en\\\/el-agua-nos-une\\\/#primaryimage\"},\"thumbnailUrl\":\"https:\\\/\\\/lifedivaqua.com\\\/wp-content\\\/uploads\\\/2022\\\/12\\\/1670849082479-scaled.jpeg\",\"datePublished\":\"2022-12-12T13:09:25+00:00\",\"dateModified\":\"2023-02-13T20:00:21+00:00\",\"author\":{\"@id\":\"https:\\\/\\\/lifedivaqua.com\\\/#\\\/schema\\\/person\\\/450d8a0aed043f1b7ae8d2e0e39952a6\"},\"description\":\"Una nueva jornada de participaci\u00f3n DIVAQUA fortalece v\u00ednculos por la conservaci\u00f3n de los ecosistemas acu\u00e1ticos de Picos de Europa.\",\"breadcrumb\":{\"@id\":\"https:\\\/\\\/lifedivaqua.com\\\/en\\\/el-agua-nos-une\\\/#breadcrumb\"},\"inLanguage\":\"en-US\",\"potentialAction\":[{\"@type\":\"ReadAction\",\"target\":[\"https:\\\/\\\/lifedivaqua.com\\\/en\\\/el-agua-nos-une\\\/\"]}]},{\"@type\":\"ImageObject\",\"inLanguage\":\"en-US\",\"@id\":\"https:\\\/\\\/lifedivaqua.com\\\/en\\\/el-agua-nos-une\\\/#primaryimage\",\"url\":\"https:\\\/\\\/lifedivaqua.com\\\/wp-content\\\/uploads\\\/2022\\\/12\\\/1670849082479-scaled.jpeg\",\"contentUrl\":\"https:\\\/\\\/lifedivaqua.com\\\/wp-content\\\/uploads\\\/2022\\\/12\\\/1670849082479-scaled.jpeg\",\"width\":2560,\"height\":1448,\"caption\":\"Jornada EL AGUA IMPORTA celebrada en Potes (Cantabria)\"},{\"@type\":\"BreadcrumbList\",\"@id\":\"https:\\\/\\\/lifedivaqua.com\\\/en\\\/el-agua-nos-une\\\/#breadcrumb\",\"itemListElement\":[{\"@type\":\"ListItem\",\"position\":1,\"name\":\"Home\",\"item\":\"https:\\\/\\\/lifedivaqua.com\\\/en\\\/\"},{\"@type\":\"ListItem\",\"position\":2,\"name\":\"EL AGUA NOS UNE\"}]},{\"@type\":\"WebSite\",\"@id\":\"https:\\\/\\\/lifedivaqua.com\\\/#website\",\"url\":\"https:\\\/\\\/lifedivaqua.com\\\/\",\"name\":\"Mejorando la Diversidad Acuatica en Picos de Europa\",\"description\":\"DIVAQUA\",\"potentialAction\":[{\"@type\":\"SearchAction\",\"target\":{\"@type\":\"EntryPoint\",\"urlTemplate\":\"https:\\\/\\\/lifedivaqua.com\\\/?s={search_term_string}\"},\"query-input\":{\"@type\":\"PropertyValueSpecification\",\"valueRequired\":true,\"valueName\":\"search_term_string\"}}],\"inLanguage\":\"en-US\"},{\"@type\":\"Person\",\"@id\":\"https:\\\/\\\/lifedivaqua.com\\\/#\\\/schema\\\/person\\\/450d8a0aed043f1b7ae8d2e0e39952a6\",\"name\":\"Mar Ram\u00edrez\",\"image\":{\"@type\":\"ImageObject\",\"inLanguage\":\"en-US\",\"@id\":\"https:\\\/\\\/secure.gravatar.com\\\/avatar\\\/5bedcb7de6a52347e42394dec9ede8930ff08ef7d9b9be9fc5eb0384eed24bb7?s=96&d=mm&r=g\",\"url\":\"https:\\\/\\\/secure.gravatar.com\\\/avatar\\\/5bedcb7de6a52347e42394dec9ede8930ff08ef7d9b9be9fc5eb0384eed24bb7?s=96&d=mm&r=g\",\"contentUrl\":\"https:\\\/\\\/secure.gravatar.com\\\/avatar\\\/5bedcb7de6a52347e42394dec9ede8930ff08ef7d9b9be9fc5eb0384eed24bb7?s=96&d=mm&r=g\",\"caption\":\"Mar Ram\u00edrez\"},\"url\":\"https:\\\/\\\/lifedivaqua.com\\\/en\\\/author\\\/mar_divaqua\\\/\"}]}<\/script>\n<!-- \/ Yoast SEO plugin. -->","yoast_head_json":{"title":"EL AGUA NOS UNE - Mejorando la Diversidad Acuatica en Picos de Europa","description":"Una nueva jornada de participaci\u00f3n DIVAQUA fortalece v\u00ednculos por la conservaci\u00f3n de los ecosistemas acu\u00e1ticos de Picos de Europa.","robots":{"index":"index","follow":"follow","max-snippet":"max-snippet:-1","max-image-preview":"max-image-preview:large","max-video-preview":"max-video-preview:-1"},"canonical":"https:\/\/lifedivaqua.com\/en\/el-agua-nos-une\/","og_locale":"en_US","og_type":"article","og_title":"EL AGUA NOS UNE - Mejorando la Diversidad Acuatica en Picos de Europa","og_description":"Una nueva jornada de participaci\u00f3n DIVAQUA fortalece v\u00ednculos por la conservaci\u00f3n de los ecosistemas acu\u00e1ticos de Picos de Europa.","og_url":"https:\/\/lifedivaqua.com\/en\/el-agua-nos-une\/","og_site_name":"Mejorando la Diversidad Acuatica en Picos de Europa","article_published_time":"2022-12-12T13:09:25+00:00","article_modified_time":"2023-02-13T20:00:21+00:00","og_image":[{"width":2560,"height":1448,"url":"https:\/\/lifedivaqua.com\/wp-content\/uploads\/2022\/12\/1670849082479-scaled.jpeg","type":"image\/jpeg"}],"author":"Mar Ram\u00edrez","twitter_card":"summary_large_image","twitter_misc":{"Written by":"Mar Ram\u00edrez","Est. reading time":"3 minutes"},"schema":{"@context":"https:\/\/schema.org","@graph":[{"@type":"Article","@id":"https:\/\/lifedivaqua.com\/en\/el-agua-nos-une\/#article","isPartOf":{"@id":"https:\/\/lifedivaqua.com\/en\/el-agua-nos-une\/"},"author":{"name":"Mar Ram\u00edrez","@id":"https:\/\/lifedivaqua.com\/#\/schema\/person\/450d8a0aed043f1b7ae8d2e0e39952a6"},"headline":"EL AGUA NOS UNE","datePublished":"2022-12-12T13:09:25+00:00","dateModified":"2023-02-13T20:00:21+00:00","mainEntityOfPage":{"@id":"https:\/\/lifedivaqua.com\/en\/el-agua-nos-une\/"},"wordCount":719,"commentCount":0,"image":{"@id":"https:\/\/lifedivaqua.com\/en\/el-agua-nos-une\/#primaryimage"},"thumbnailUrl":"https:\/\/lifedivaqua.com\/wp-content\/uploads\/2022\/12\/1670849082479-scaled.jpeg","keywords":["agua","conservaci\u00f3n","ecosistemas acu\u00e1ticos","jornada","LIFE Divaqua","participaci\u00f3n","Picos de Europa"],"articleSection":["Noticias"],"inLanguage":"en-US","potentialAction":[{"@type":"CommentAction","name":"Comment","target":["https:\/\/lifedivaqua.com\/en\/el-agua-nos-une\/#respond"]}]},{"@type":"WebPage","@id":"https:\/\/lifedivaqua.com\/en\/el-agua-nos-une\/","url":"https:\/\/lifedivaqua.com\/en\/el-agua-nos-une\/","name":"EL AGUA NOS UNE - Mejorando la Diversidad Acuatica en Picos de Europa","isPartOf":{"@id":"https:\/\/lifedivaqua.com\/#website"},"primaryImageOfPage":{"@id":"https:\/\/lifedivaqua.com\/en\/el-agua-nos-une\/#primaryimage"},"image":{"@id":"https:\/\/lifedivaqua.com\/en\/el-agua-nos-une\/#primaryimage"},"thumbnailUrl":"https:\/\/lifedivaqua.com\/wp-content\/uploads\/2022\/12\/1670849082479-scaled.jpeg","datePublished":"2022-12-12T13:09:25+00:00","dateModified":"2023-02-13T20:00:21+00:00","author":{"@id":"https:\/\/lifedivaqua.com\/#\/schema\/person\/450d8a0aed043f1b7ae8d2e0e39952a6"},"description":"Una nueva jornada de participaci\u00f3n DIVAQUA fortalece v\u00ednculos por la conservaci\u00f3n de los ecosistemas acu\u00e1ticos de Picos de Europa.","breadcrumb":{"@id":"https:\/\/lifedivaqua.com\/en\/el-agua-nos-une\/#breadcrumb"},"inLanguage":"en-US","potentialAction":[{"@type":"ReadAction","target":["https:\/\/lifedivaqua.com\/en\/el-agua-nos-une\/"]}]},{"@type":"ImageObject","inLanguage":"en-US","@id":"https:\/\/lifedivaqua.com\/en\/el-agua-nos-une\/#primaryimage","url":"https:\/\/lifedivaqua.com\/wp-content\/uploads\/2022\/12\/1670849082479-scaled.jpeg","contentUrl":"https:\/\/lifedivaqua.com\/wp-content\/uploads\/2022\/12\/1670849082479-scaled.jpeg","width":2560,"height":1448,"caption":"Jornada EL AGUA IMPORTA celebrada en Potes (Cantabria)"},{"@type":"BreadcrumbList","@id":"https:\/\/lifedivaqua.com\/en\/el-agua-nos-une\/#breadcrumb","itemListElement":[{"@type":"ListItem","position":1,"name":"Home","item":"https:\/\/lifedivaqua.com\/en\/"},{"@type":"ListItem","position":2,"name":"EL AGUA NOS UNE"}]},{"@type":"WebSite","@id":"https:\/\/lifedivaqua.com\/#website","url":"https:\/\/lifedivaqua.com\/","name":"Mejorando la Diversidad Acuatica en Picos de Europa","description":"DIVAQUA","potentialAction":[{"@type":"SearchAction","target":{"@type":"EntryPoint","urlTemplate":"https:\/\/lifedivaqua.com\/?s={search_term_string}"},"query-input":{"@type":"PropertyValueSpecification","valueRequired":true,"valueName":"search_term_string"}}],"inLanguage":"en-US"},{"@type":"Person","@id":"https:\/\/lifedivaqua.com\/#\/schema\/person\/450d8a0aed043f1b7ae8d2e0e39952a6","name":"Mar Ram\u00edrez","image":{"@type":"ImageObject","inLanguage":"en-US","@id":"https:\/\/secure.gravatar.com\/avatar\/5bedcb7de6a52347e42394dec9ede8930ff08ef7d9b9be9fc5eb0384eed24bb7?s=96&d=mm&r=g","url":"https:\/\/secure.gravatar.com\/avatar\/5bedcb7de6a52347e42394dec9ede8930ff08ef7d9b9be9fc5eb0384eed24bb7?s=96&d=mm&r=g","contentUrl":"https:\/\/secure.gravatar.com\/avatar\/5bedcb7de6a52347e42394dec9ede8930ff08ef7d9b9be9fc5eb0384eed24bb7?s=96&d=mm&r=g","caption":"Mar Ram\u00edrez"},"url":"https:\/\/lifedivaqua.com\/en\/author\/mar_divaqua\/"}]}},"_links":{"self":[{"href":"https:\/\/lifedivaqua.com\/en\/wp-json\/wp\/v2\/posts\/2129","targetHints":{"allow":["GET"]}}],"collection":[{"href":"https:\/\/lifedivaqua.com\/en\/wp-json\/wp\/v2\/posts"}],"about":[{"href":"https:\/\/lifedivaqua.com\/en\/wp-json\/wp\/v2\/types\/post"}],"author":[{"embeddable":true,"href":"https:\/\/lifedivaqua.com\/en\/wp-json\/wp\/v2\/users\/3"}],"replies":[{"embeddable":true,"href":"https:\/\/lifedivaqua.com\/en\/wp-json\/wp\/v2\/comments?post=2129"}],"version-history":[{"count":3,"href":"https:\/\/lifedivaqua.com\/en\/wp-json\/wp\/v2\/posts\/2129\/revisions"}],"predecessor-version":[{"id":2222,"href":"https:\/\/lifedivaqua.com\/en\/wp-json\/wp\/v2\/posts\/2129\/revisions\/2222"}],"wp:featuredmedia":[{"embeddable":true,"href":"https:\/\/lifedivaqua.com\/en\/wp-json\/wp\/v2\/media\/2126"}],"wp:attachment":[{"href":"https:\/\/lifedivaqua.com\/en\/wp-json\/wp\/v2\/media?parent=2129"}],"wp:term":[{"taxonomy":"category","embeddable":true,"href":"https:\/\/lifedivaqua.com\/en\/wp-json\/wp\/v2\/categories?post=2129"},{"taxonomy":"post_tag","embeddable":true,"href":"https:\/\/lifedivaqua.com\/en\/wp-json\/wp\/v2\/tags?post=2129"}],"curies":[{"name":"wp","href":"https:\/\/api.w.org\/{rel}","templated":true}]}}