{"id":2073,"date":"2022-11-22T12:34:45","date_gmt":"2022-11-22T11:34:45","guid":{"rendered":"https:\/\/lifedivaqua.com\/el-agua-importa\/"},"modified":"2023-02-13T21:04:50","modified_gmt":"2023-02-13T20:04:50","slug":"el-agua-importa","status":"publish","type":"post","link":"https:\/\/lifedivaqua.com\/en\/el-agua-importa\/","title":{"rendered":"EL AGUA IMPORTA"},"content":{"rendered":"\n<h2 class=\"wp-block-heading\"><strong><em>Una nueva jornada participativa llega a Picos de Europa. Alrededor de la convocatoria EL AGUA IMPORTA&nbsp; \u00bfC\u00d3MO MEJORAR LA DIVERSIDAD ACU\u00c1TICA EN PICOS DE EUROPA? se van reunir a entidades, habitantes y personas interesadas en dialogar sobre el futuro de los ecosistemas acu\u00e1ticos en Picos de Europa<\/em><\/strong><\/h2>\n\n\n\n<p>Desde el proyecto LIFE DIVAQUA hemos convocado la jornada abierta DIVAQUA PARTICIPA <strong><em>\u201cEL AGUA IMPORTA \u00bfC\u00f3mo mejorar la diversidad acu\u00e1tica en Picos de Europa?\u201d<\/em><\/strong>, que tendr\u00e1 lugar el mi\u00e9rcoles <strong>30 de noviembre de 2022<\/strong> a las <strong>17:00 h<\/strong> en el Centro de Estudios Lebaniegos de <strong>Potes<\/strong> (Cantabria).<\/p>\n\n\n\n<p>Se trata de una jornada participativa de dos horas de duraci\u00f3n para fomentar el di\u00e1logo sobre los ecosistemas acu\u00e1ticos de Picos de Europa desde el punto de vista de los diferentes sectores socioecon\u00f3micos representados entre las personas que asistan. El acceso al evento es gratuito pero requiere inscripci\u00f3n previa<strong> <a href=\"https:\/\/forms.gle\/gfte5yMr2473Ch148\">aqu\u00ed<\/a><\/strong>.<\/p>\n\n\n\n<p>Dar\u00e1 la bienvenida y presentar\u00e1 la jornada F. Javier G\u00f3mez Ruiz, alcalde de Potes. A continuaci\u00f3n intervendr\u00e1 Noel Quevedo Aja, t\u00e9cnico de LIFE DIVAQUA en Red Cambera para presentar los avances y retos a los que se enfrenta el proyecto LIFE DIVAQUA.<\/p>\n\n\n\n<h3 class=\"wp-block-heading\">Participa por el futuro del agua<\/h3>\n\n\n\n<p>Maria Montesino, soci\u00f3loga y ganadera ecol\u00f3gica, y \u00c1ngel Astorqui, arque\u00f3logo y gestor cultural de La Ortiga Colectiva, facilitar\u00e1n la din\u00e1mica participativa en torno al planteamiento de qu\u00e9 podemos aportar cada participante al futuro del agua en Picos de Europa.<\/p>\n\n\n\n<p>Asimismo conoceremos los avances y actuaciones que se han llevado a cabo en el territorio por medio de las actuaciones de LIFE DIVAQUA. Tambi\u00e9n ser\u00e1n presentados los retos ambientales a realizar durante el a\u00f1o pr\u00f3ximo. Recogeremos las propuestas de colaboraci\u00f3n y participaci\u00f3n que se hagan durante esta jornada, as\u00ed como en las jornadas previas organizadas en Picos de Europa, para ayudar a establecer las l\u00edneas de actuaci\u00f3n a futuro.<\/p>\n\n\n\n<p>Esta iniciativa se enmarca dentro de las actuaciones de participaci\u00f3n de LIFE DIVAQUA. Busca mejorar la conservaci\u00f3n de Picos de Europa y su entorno, un lugar con una elevada biodiversidad y alto valor ecol\u00f3gico.<\/p>\n\n\n\n<p>El proyecto europeo<strong> LIFE18 NAT\/ES\/000121 DIVAQUA <\/strong>est\u00e1 coordinado por la <a href=\"https:\/\/web.unican.es\/\">Universidad de Cantabria<\/a> a trav\u00e9s del Instituto de Hidr\u00e1ulica Ambiental. Cuenta con la contribuci\u00f3n financiera del Programa LIFE de la Uni\u00f3n Europea y lo cofinancia la&nbsp;<a href=\"https:\/\/www.cantabria.es\/web\/consejeria-de-desarrollo-rural-ganaderia-pesca-y-biodiversidad\" target=\"_blank\" rel=\"noreferrer noopener\">Consejer\u00eda de Desarrollo Rural, Ganader\u00eda, Pesca, Alimentaci\u00f3n y Medio Ambiente del Gobierno de Cantabria<\/a>. Son socios beneficiarios del proyecto <a href=\"https:\/\/redcambera.org\/\" target=\"_blank\" rel=\"noreferrer noopener\">Red Cambera<\/a>,&nbsp;<a href=\"https:\/\/www.csic.es\/\" target=\"_blank\" rel=\"noreferrer noopener\">Consejo Superior de Investigaciones Cient\u00edficas (CSIC)<\/a>,&nbsp;<a href=\"https:\/\/www.itagra.com\/\" target=\"_blank\" rel=\"noreferrer noopener\">Centro Tecnol\u00f3gico Agrario y Agroalimentario Itagra.CT<\/a>,&nbsp;<a href=\"https:\/\/www.repsol.es\/es\/index.cshtml\" target=\"_blank\" rel=\"noreferrer noopener\">Repsol<\/a>,&nbsp;<a href=\"https:\/\/fundacionih.es\/\" target=\"_blank\" rel=\"noreferrer noopener\">la Fundaci\u00f3n Instituto de Hidr\u00e1ulica Ambiental Cantabria<\/a>. Adem\u00e1s de los Gobiernos auton\u00f3micos del&nbsp;<a href=\"http:\/\/movil.asturias.es\/\" target=\"_blank\" rel=\"noreferrer noopener\">Principado de Asturias<\/a>&nbsp;y la&nbsp;<a href=\"https:\/\/www.jcyl.es\/\" target=\"_blank\" rel=\"noreferrer noopener\">Junta de Castilla y Le\u00f3n<\/a>.<\/p>\n","protected":false},"excerpt":{"rendered":"<p>Una nueva jornada participativa llega a Picos de Europa. Alrededor de la convocatoria EL AGUA IMPORTA&nbsp; \u00bfC\u00d3MO MEJORAR LA DIVERSIDAD ACU\u00c1TICA EN PICOS DE EUROPA? se van reunir a entidades, habitantes y personas interesadas en dialogar sobre el futuro de los ecosistemas acu\u00e1ticos en Picos&#8230;<\/p>\n","protected":false},"author":3,"featured_media":2064,"comment_status":"open","ping_status":"closed","sticky":false,"template":"","format":"standard","meta":{"footnotes":""},"categories":[31],"tags":[137,35,102,34,36,32,105,33,42],"class_list":["post-2073","post","type-post","status-publish","format-standard","has-post-thumbnail","hentry","category-noticias-en","tag-agua-en","tag-biodiversidad-en","tag-cambio-climatico-en","tag-conservacion-en","tag-ecosistemas-acuaticos-en","tag-life-divaqua-en","tag-participacion-en","tag-picos-de-europa-en","tag-restauracion-fluvial-en"],"yoast_head":"<!-- This site is optimized with the Yoast SEO plugin v27.4 - https:\/\/yoast.com\/product\/yoast-seo-wordpress\/ -->\n<title>EL AGUA IMPORTA - Mejorando la Diversidad Acuatica en Picos de Europa<\/title>\n<meta name=\"description\" content=\"En la Jornada participativa EL AGUA IMPORTA \u00bfC\u00f3mo mejorar la diversidad acu\u00e1tica en Picos de Europa? puedes contribuir al futuro del agua.\" \/>\n<meta name=\"robots\" content=\"index, follow, max-snippet:-1, max-image-preview:large, max-video-preview:-1\" \/>\n<link rel=\"canonical\" href=\"https:\/\/lifedivaqua.com\/en\/el-agua-importa\/\" \/>\n<meta property=\"og:locale\" content=\"en_US\" \/>\n<meta property=\"og:type\" content=\"article\" \/>\n<meta property=\"og:title\" content=\"EL AGUA IMPORTA - Mejorando la Diversidad Acuatica en Picos de Europa\" \/>\n<meta property=\"og:description\" content=\"En la Jornada participativa EL AGUA IMPORTA \u00bfC\u00f3mo mejorar la diversidad acu\u00e1tica en Picos de Europa? puedes contribuir al futuro del agua.\" \/>\n<meta property=\"og:url\" content=\"https:\/\/lifedivaqua.com\/en\/el-agua-importa\/\" \/>\n<meta property=\"og:site_name\" content=\"Mejorando la Diversidad Acuatica en Picos de Europa\" \/>\n<meta property=\"article:published_time\" content=\"2022-11-22T11:34:45+00:00\" \/>\n<meta property=\"article:modified_time\" content=\"2023-02-13T20:04:50+00:00\" \/>\n<meta property=\"og:image\" content=\"https:\/\/lifedivaqua.com\/wp-content\/uploads\/2022\/11\/cartel_DVQ_agua_portada.jpg\" \/>\n\t<meta property=\"og:image:width\" content=\"1554\" \/>\n\t<meta property=\"og:image:height\" content=\"1762\" \/>\n\t<meta property=\"og:image:type\" content=\"image\/jpeg\" \/>\n<meta name=\"author\" content=\"Mar Ram\u00edrez\" \/>\n<meta name=\"twitter:card\" content=\"summary_large_image\" \/>\n<meta name=\"twitter:label1\" content=\"Written by\" \/>\n\t<meta name=\"twitter:data1\" content=\"Mar Ram\u00edrez\" \/>\n\t<meta name=\"twitter:label2\" content=\"Est. reading time\" \/>\n\t<meta name=\"twitter:data2\" content=\"2 minutes\" \/>\n<script type=\"application\/ld+json\" class=\"yoast-schema-graph\">{\"@context\":\"https:\\\/\\\/schema.org\",\"@graph\":[{\"@type\":\"Article\",\"@id\":\"https:\\\/\\\/lifedivaqua.com\\\/en\\\/el-agua-importa\\\/#article\",\"isPartOf\":{\"@id\":\"https:\\\/\\\/lifedivaqua.com\\\/en\\\/el-agua-importa\\\/\"},\"author\":{\"name\":\"Mar Ram\u00edrez\",\"@id\":\"https:\\\/\\\/lifedivaqua.com\\\/#\\\/schema\\\/person\\\/450d8a0aed043f1b7ae8d2e0e39952a6\"},\"headline\":\"EL AGUA IMPORTA\",\"datePublished\":\"2022-11-22T11:34:45+00:00\",\"dateModified\":\"2023-02-13T20:04:50+00:00\",\"mainEntityOfPage\":{\"@id\":\"https:\\\/\\\/lifedivaqua.com\\\/en\\\/el-agua-importa\\\/\"},\"wordCount\":482,\"commentCount\":0,\"image\":{\"@id\":\"https:\\\/\\\/lifedivaqua.com\\\/en\\\/el-agua-importa\\\/#primaryimage\"},\"thumbnailUrl\":\"https:\\\/\\\/lifedivaqua.com\\\/wp-content\\\/uploads\\\/2022\\\/11\\\/cartel_DVQ_agua_portada.jpg\",\"keywords\":[\"agua\",\"biodiversidad\",\"cambio clim\u00e1tico\",\"conservaci\u00f3n\",\"ecosistemas acu\u00e1ticos\",\"LIFE Divaqua\",\"participaci\u00f3n\",\"Picos de Europa\",\"restauraci\u00f3n fluvial\"],\"articleSection\":[\"Noticias\"],\"inLanguage\":\"en-US\",\"potentialAction\":[{\"@type\":\"CommentAction\",\"name\":\"Comment\",\"target\":[\"https:\\\/\\\/lifedivaqua.com\\\/en\\\/el-agua-importa\\\/#respond\"]}]},{\"@type\":\"WebPage\",\"@id\":\"https:\\\/\\\/lifedivaqua.com\\\/en\\\/el-agua-importa\\\/\",\"url\":\"https:\\\/\\\/lifedivaqua.com\\\/en\\\/el-agua-importa\\\/\",\"name\":\"EL AGUA IMPORTA - Mejorando la Diversidad Acuatica en Picos de Europa\",\"isPartOf\":{\"@id\":\"https:\\\/\\\/lifedivaqua.com\\\/#website\"},\"primaryImageOfPage\":{\"@id\":\"https:\\\/\\\/lifedivaqua.com\\\/en\\\/el-agua-importa\\\/#primaryimage\"},\"image\":{\"@id\":\"https:\\\/\\\/lifedivaqua.com\\\/en\\\/el-agua-importa\\\/#primaryimage\"},\"thumbnailUrl\":\"https:\\\/\\\/lifedivaqua.com\\\/wp-content\\\/uploads\\\/2022\\\/11\\\/cartel_DVQ_agua_portada.jpg\",\"datePublished\":\"2022-11-22T11:34:45+00:00\",\"dateModified\":\"2023-02-13T20:04:50+00:00\",\"author\":{\"@id\":\"https:\\\/\\\/lifedivaqua.com\\\/#\\\/schema\\\/person\\\/450d8a0aed043f1b7ae8d2e0e39952a6\"},\"description\":\"En la Jornada participativa EL AGUA IMPORTA \u00bfC\u00f3mo mejorar la diversidad acu\u00e1tica en Picos de Europa? puedes contribuir al futuro del agua.\",\"breadcrumb\":{\"@id\":\"https:\\\/\\\/lifedivaqua.com\\\/en\\\/el-agua-importa\\\/#breadcrumb\"},\"inLanguage\":\"en-US\",\"potentialAction\":[{\"@type\":\"ReadAction\",\"target\":[\"https:\\\/\\\/lifedivaqua.com\\\/en\\\/el-agua-importa\\\/\"]}]},{\"@type\":\"ImageObject\",\"inLanguage\":\"en-US\",\"@id\":\"https:\\\/\\\/lifedivaqua.com\\\/en\\\/el-agua-importa\\\/#primaryimage\",\"url\":\"https:\\\/\\\/lifedivaqua.com\\\/wp-content\\\/uploads\\\/2022\\\/11\\\/cartel_DVQ_agua_portada.jpg\",\"contentUrl\":\"https:\\\/\\\/lifedivaqua.com\\\/wp-content\\\/uploads\\\/2022\\\/11\\\/cartel_DVQ_agua_portada.jpg\",\"width\":1554,\"height\":1762,\"caption\":\"Jornada participativa EL AGUA IMPORTA_Potes_LIFE DIVAQUA\"},{\"@type\":\"BreadcrumbList\",\"@id\":\"https:\\\/\\\/lifedivaqua.com\\\/en\\\/el-agua-importa\\\/#breadcrumb\",\"itemListElement\":[{\"@type\":\"ListItem\",\"position\":1,\"name\":\"Home\",\"item\":\"https:\\\/\\\/lifedivaqua.com\\\/en\\\/\"},{\"@type\":\"ListItem\",\"position\":2,\"name\":\"EL AGUA IMPORTA\"}]},{\"@type\":\"WebSite\",\"@id\":\"https:\\\/\\\/lifedivaqua.com\\\/#website\",\"url\":\"https:\\\/\\\/lifedivaqua.com\\\/\",\"name\":\"Mejorando la Diversidad Acuatica en Picos de Europa\",\"description\":\"DIVAQUA\",\"potentialAction\":[{\"@type\":\"SearchAction\",\"target\":{\"@type\":\"EntryPoint\",\"urlTemplate\":\"https:\\\/\\\/lifedivaqua.com\\\/?s={search_term_string}\"},\"query-input\":{\"@type\":\"PropertyValueSpecification\",\"valueRequired\":true,\"valueName\":\"search_term_string\"}}],\"inLanguage\":\"en-US\"},{\"@type\":\"Person\",\"@id\":\"https:\\\/\\\/lifedivaqua.com\\\/#\\\/schema\\\/person\\\/450d8a0aed043f1b7ae8d2e0e39952a6\",\"name\":\"Mar Ram\u00edrez\",\"image\":{\"@type\":\"ImageObject\",\"inLanguage\":\"en-US\",\"@id\":\"https:\\\/\\\/secure.gravatar.com\\\/avatar\\\/5bedcb7de6a52347e42394dec9ede8930ff08ef7d9b9be9fc5eb0384eed24bb7?s=96&d=mm&r=g\",\"url\":\"https:\\\/\\\/secure.gravatar.com\\\/avatar\\\/5bedcb7de6a52347e42394dec9ede8930ff08ef7d9b9be9fc5eb0384eed24bb7?s=96&d=mm&r=g\",\"contentUrl\":\"https:\\\/\\\/secure.gravatar.com\\\/avatar\\\/5bedcb7de6a52347e42394dec9ede8930ff08ef7d9b9be9fc5eb0384eed24bb7?s=96&d=mm&r=g\",\"caption\":\"Mar Ram\u00edrez\"},\"url\":\"https:\\\/\\\/lifedivaqua.com\\\/en\\\/author\\\/mar_divaqua\\\/\"}]}<\/script>\n<!-- \/ Yoast SEO plugin. -->","yoast_head_json":{"title":"EL AGUA IMPORTA - Mejorando la Diversidad Acuatica en Picos de Europa","description":"En la Jornada participativa EL AGUA IMPORTA \u00bfC\u00f3mo mejorar la diversidad acu\u00e1tica en Picos de Europa? puedes contribuir al futuro del agua.","robots":{"index":"index","follow":"follow","max-snippet":"max-snippet:-1","max-image-preview":"max-image-preview:large","max-video-preview":"max-video-preview:-1"},"canonical":"https:\/\/lifedivaqua.com\/en\/el-agua-importa\/","og_locale":"en_US","og_type":"article","og_title":"EL AGUA IMPORTA - Mejorando la Diversidad Acuatica en Picos de Europa","og_description":"En la Jornada participativa EL AGUA IMPORTA \u00bfC\u00f3mo mejorar la diversidad acu\u00e1tica en Picos de Europa? puedes contribuir al futuro del agua.","og_url":"https:\/\/lifedivaqua.com\/en\/el-agua-importa\/","og_site_name":"Mejorando la Diversidad Acuatica en Picos de Europa","article_published_time":"2022-11-22T11:34:45+00:00","article_modified_time":"2023-02-13T20:04:50+00:00","og_image":[{"width":1554,"height":1762,"url":"https:\/\/lifedivaqua.com\/wp-content\/uploads\/2022\/11\/cartel_DVQ_agua_portada.jpg","type":"image\/jpeg"}],"author":"Mar Ram\u00edrez","twitter_card":"summary_large_image","twitter_misc":{"Written by":"Mar Ram\u00edrez","Est. reading time":"2 minutes"},"schema":{"@context":"https:\/\/schema.org","@graph":[{"@type":"Article","@id":"https:\/\/lifedivaqua.com\/en\/el-agua-importa\/#article","isPartOf":{"@id":"https:\/\/lifedivaqua.com\/en\/el-agua-importa\/"},"author":{"name":"Mar Ram\u00edrez","@id":"https:\/\/lifedivaqua.com\/#\/schema\/person\/450d8a0aed043f1b7ae8d2e0e39952a6"},"headline":"EL AGUA IMPORTA","datePublished":"2022-11-22T11:34:45+00:00","dateModified":"2023-02-13T20:04:50+00:00","mainEntityOfPage":{"@id":"https:\/\/lifedivaqua.com\/en\/el-agua-importa\/"},"wordCount":482,"commentCount":0,"image":{"@id":"https:\/\/lifedivaqua.com\/en\/el-agua-importa\/#primaryimage"},"thumbnailUrl":"https:\/\/lifedivaqua.com\/wp-content\/uploads\/2022\/11\/cartel_DVQ_agua_portada.jpg","keywords":["agua","biodiversidad","cambio clim\u00e1tico","conservaci\u00f3n","ecosistemas acu\u00e1ticos","LIFE Divaqua","participaci\u00f3n","Picos de Europa","restauraci\u00f3n fluvial"],"articleSection":["Noticias"],"inLanguage":"en-US","potentialAction":[{"@type":"CommentAction","name":"Comment","target":["https:\/\/lifedivaqua.com\/en\/el-agua-importa\/#respond"]}]},{"@type":"WebPage","@id":"https:\/\/lifedivaqua.com\/en\/el-agua-importa\/","url":"https:\/\/lifedivaqua.com\/en\/el-agua-importa\/","name":"EL AGUA IMPORTA - Mejorando la Diversidad Acuatica en Picos de Europa","isPartOf":{"@id":"https:\/\/lifedivaqua.com\/#website"},"primaryImageOfPage":{"@id":"https:\/\/lifedivaqua.com\/en\/el-agua-importa\/#primaryimage"},"image":{"@id":"https:\/\/lifedivaqua.com\/en\/el-agua-importa\/#primaryimage"},"thumbnailUrl":"https:\/\/lifedivaqua.com\/wp-content\/uploads\/2022\/11\/cartel_DVQ_agua_portada.jpg","datePublished":"2022-11-22T11:34:45+00:00","dateModified":"2023-02-13T20:04:50+00:00","author":{"@id":"https:\/\/lifedivaqua.com\/#\/schema\/person\/450d8a0aed043f1b7ae8d2e0e39952a6"},"description":"En la Jornada participativa EL AGUA IMPORTA \u00bfC\u00f3mo mejorar la diversidad acu\u00e1tica en Picos de Europa? puedes contribuir al futuro del agua.","breadcrumb":{"@id":"https:\/\/lifedivaqua.com\/en\/el-agua-importa\/#breadcrumb"},"inLanguage":"en-US","potentialAction":[{"@type":"ReadAction","target":["https:\/\/lifedivaqua.com\/en\/el-agua-importa\/"]}]},{"@type":"ImageObject","inLanguage":"en-US","@id":"https:\/\/lifedivaqua.com\/en\/el-agua-importa\/#primaryimage","url":"https:\/\/lifedivaqua.com\/wp-content\/uploads\/2022\/11\/cartel_DVQ_agua_portada.jpg","contentUrl":"https:\/\/lifedivaqua.com\/wp-content\/uploads\/2022\/11\/cartel_DVQ_agua_portada.jpg","width":1554,"height":1762,"caption":"Jornada participativa EL AGUA IMPORTA_Potes_LIFE DIVAQUA"},{"@type":"BreadcrumbList","@id":"https:\/\/lifedivaqua.com\/en\/el-agua-importa\/#breadcrumb","itemListElement":[{"@type":"ListItem","position":1,"name":"Home","item":"https:\/\/lifedivaqua.com\/en\/"},{"@type":"ListItem","position":2,"name":"EL AGUA IMPORTA"}]},{"@type":"WebSite","@id":"https:\/\/lifedivaqua.com\/#website","url":"https:\/\/lifedivaqua.com\/","name":"Mejorando la Diversidad Acuatica en Picos de Europa","description":"DIVAQUA","potentialAction":[{"@type":"SearchAction","target":{"@type":"EntryPoint","urlTemplate":"https:\/\/lifedivaqua.com\/?s={search_term_string}"},"query-input":{"@type":"PropertyValueSpecification","valueRequired":true,"valueName":"search_term_string"}}],"inLanguage":"en-US"},{"@type":"Person","@id":"https:\/\/lifedivaqua.com\/#\/schema\/person\/450d8a0aed043f1b7ae8d2e0e39952a6","name":"Mar Ram\u00edrez","image":{"@type":"ImageObject","inLanguage":"en-US","@id":"https:\/\/secure.gravatar.com\/avatar\/5bedcb7de6a52347e42394dec9ede8930ff08ef7d9b9be9fc5eb0384eed24bb7?s=96&d=mm&r=g","url":"https:\/\/secure.gravatar.com\/avatar\/5bedcb7de6a52347e42394dec9ede8930ff08ef7d9b9be9fc5eb0384eed24bb7?s=96&d=mm&r=g","contentUrl":"https:\/\/secure.gravatar.com\/avatar\/5bedcb7de6a52347e42394dec9ede8930ff08ef7d9b9be9fc5eb0384eed24bb7?s=96&d=mm&r=g","caption":"Mar Ram\u00edrez"},"url":"https:\/\/lifedivaqua.com\/en\/author\/mar_divaqua\/"}]}},"_links":{"self":[{"href":"https:\/\/lifedivaqua.com\/en\/wp-json\/wp\/v2\/posts\/2073","targetHints":{"allow":["GET"]}}],"collection":[{"href":"https:\/\/lifedivaqua.com\/en\/wp-json\/wp\/v2\/posts"}],"about":[{"href":"https:\/\/lifedivaqua.com\/en\/wp-json\/wp\/v2\/types\/post"}],"author":[{"embeddable":true,"href":"https:\/\/lifedivaqua.com\/en\/wp-json\/wp\/v2\/users\/3"}],"replies":[{"embeddable":true,"href":"https:\/\/lifedivaqua.com\/en\/wp-json\/wp\/v2\/comments?post=2073"}],"version-history":[{"count":3,"href":"https:\/\/lifedivaqua.com\/en\/wp-json\/wp\/v2\/posts\/2073\/revisions"}],"predecessor-version":[{"id":2232,"href":"https:\/\/lifedivaqua.com\/en\/wp-json\/wp\/v2\/posts\/2073\/revisions\/2232"}],"wp:featuredmedia":[{"embeddable":true,"href":"https:\/\/lifedivaqua.com\/en\/wp-json\/wp\/v2\/media\/2064"}],"wp:attachment":[{"href":"https:\/\/lifedivaqua.com\/en\/wp-json\/wp\/v2\/media?parent=2073"}],"wp:term":[{"taxonomy":"category","embeddable":true,"href":"https:\/\/lifedivaqua.com\/en\/wp-json\/wp\/v2\/categories?post=2073"},{"taxonomy":"post_tag","embeddable":true,"href":"https:\/\/lifedivaqua.com\/en\/wp-json\/wp\/v2\/tags?post=2073"}],"curies":[{"name":"wp","href":"https:\/\/api.w.org\/{rel}","templated":true}]}}