{"id":2026,"date":"2022-10-26T16:33:00","date_gmt":"2022-10-26T15:33:00","guid":{"rendered":"https:\/\/lifedivaqua.com\/sector-terciario-interesado-en-los-anfibios\/"},"modified":"2023-02-13T21:07:34","modified_gmt":"2023-02-13T20:07:34","slug":"sector-terciario-interesado-en-los-anfibios","status":"publish","type":"post","link":"https:\/\/lifedivaqua.com\/en\/sector-terciario-interesado-en-los-anfibios\/","title":{"rendered":"SECTOR TERCIARIO INTERESADO EN LOS ANFIBIOS"},"content":{"rendered":"\n<h2 class=\"wp-block-heading\"><strong><em>Mediante la celebraci\u00f3n de la jornada de participaci\u00f3n y colaboraci\u00f3n \u00bfQUI\u00c9N VIVE AQU\u00cd?, hosteleros y empresas de turismo de la vertiente c\u00e1ntabra de Picos de Europa han puesto de manifiesto que el sector terciario tiene inter\u00e9s por la implicaci\u00f3n de su actividad empresarial en la conservaci\u00f3n de los anfibios.<\/em><\/strong><\/h2>\n\n\n\n<p><\/p>\n\n\n\n<p>Despertar la colaboraci\u00f3n entre los agentes tur\u00edsticos del territorio era el principal objetivo de la jornada de participaci\u00f3n y colaboraci\u00f3n <em><strong>\u00bfQUI\u00c9N VIVE AQU\u00cd? La vida acu\u00e1tica en Picos de Europa: gu\u00eda para hosteleros y empresas de turismo<\/strong>. As\u00ed lo pudimos comprobar con la positiva respuesta del sector terciario al mostrarse muy interesado en los anfibios.<\/em><\/p>\n\n\n\n<p>El desarrollo de la jornada en el valle de Camale\u00f1o (Cantabria), donde se celebr\u00f3 el mi\u00e9rcoles 19 de octubre, ha destacado por una comprometida participaci\u00f3n de los asistentes que ha evidenciado el inter\u00e9s por implicarse en la conservaci\u00f3n de los anfibios del sector socioecon\u00f3mico de la hosteler\u00eda y las empresas de turismo.<\/p>\n\n\n\n<h3 class=\"wp-block-heading\">Profesionales que se convierten en divulgadores ambientales<\/h3>\n\n\n\n<p>Con el apoyo de la Agrupaci\u00f3n hostelera y de turismo activo del valle de Camale\u00f1o, los asistentes sintieron un refuerzo profesional gracias a una actividad espec\u00edfica destinada al sector tur\u00edstico y hostelero&nbsp;de Picos de Europa.<\/p>\n\n\n\n<p>Formar y sensibilizar sobre la gesti\u00f3n sostenible de los ecosistemas acu\u00e1ticos de monta\u00f1a m\u00e1s importantes para Europa son los aspectos que lideraron la jornada. Adem\u00e1s se dispuso gratuitamente para los asistentes de material divulgativo, folletos y posters que, repartidos entre sus clientes, sirvan para apoyar su tarea de difusi\u00f3n.<\/p>\n\n\n<div class=\"wp-block-image\">\n<figure class=\"aligncenter size-large\"><img loading=\"lazy\" decoding=\"async\" width=\"1024\" height=\"696\" src=\"https:\/\/lifedivaqua.com\/wp-content\/uploads\/2022\/10\/1666812461355-1024x696.jpeg\" alt=\"Folleto \u00bfQUI\u00c9N VIVE AQU\u00cd? para ser distribuido gratuitamente en establecimientos tur\u00edsticos\" class=\"wp-image-2022\" srcset=\"https:\/\/lifedivaqua.com\/wp-content\/uploads\/2022\/10\/1666812461355-1024x696.jpeg 1024w, https:\/\/lifedivaqua.com\/wp-content\/uploads\/2022\/10\/1666812461355-300x204.jpeg 300w, https:\/\/lifedivaqua.com\/wp-content\/uploads\/2022\/10\/1666812461355-768x522.jpeg 768w, https:\/\/lifedivaqua.com\/wp-content\/uploads\/2022\/10\/1666812461355-1536x1044.jpeg 1536w, https:\/\/lifedivaqua.com\/wp-content\/uploads\/2022\/10\/1666812461355-700x476.jpeg 700w, https:\/\/lifedivaqua.com\/wp-content\/uploads\/2022\/10\/1666812461355-1320x897.jpeg 1320w, https:\/\/lifedivaqua.com\/wp-content\/uploads\/2022\/10\/1666812461355.jpeg 1600w\" sizes=\"auto, (max-width: 1024px) 100vw, 1024px\" \/><figcaption class=\"wp-element-caption\">Folleto \u00bfQUI\u00c9N VIVE AQU\u00cd? para ser distribuido gratuitamente en establecimientos tur\u00edsticos<\/figcaption><\/figure>\n<\/div>\n\n\n<p>Apoyados en los contenidos did\u00e1cticos de los mismos permiten conocer el estado de las especies de inter\u00e9s comunitario de Picos de Europa y las amenazas a las que se enfrentan, as\u00ed como las soluciones que se pueden aportar desde el sector tur\u00edstico para su conservaci\u00f3n.<\/p>\n\n\n\n<p>Los comentarios de los participantes en la jornada dejaron claro que est\u00e1 en nuestra mano preservar las condiciones ambientales que contribuyan a la conservaci\u00f3n de los anfibios, ya que las actividades humanas como el turismo y la ganader\u00eda son las que est\u00e1n m\u00e1s estrechamente vinculadas a su presencia.<\/p>\n\n\n\n<h3 class=\"wp-block-heading\">La responsabilidad es de todos<\/h3>\n\n\n\n<p>La responsabilidad de gu\u00edas, visitantes y tambi\u00e9n de la Administraci\u00f3n, era uno de los principales aspectos en los que los asistentes propusieron incidir. As\u00ed como en convertirse en elementos de conexi\u00f3n entre DIVAQUA y sus clientes, proponiendo actividades colaborativas.<\/p>\n\n\n\n<p>La celebraci\u00f3n de talleres pr\u00e1cticos en los que participase equipo t\u00e9cnico DIVAQUA conjuntamente con los propietarios de establecimientos hosteleros y empresas tur\u00edsticas, as\u00ed como con sus gu\u00edas, empleados y clientes, servir\u00e1n para amplificar la llamada a la acci\u00f3n.<\/p>\n\n\n\n<p>Con las intervenciones de los participantes se confirm\u00f3 que resulta esencial el conocimiento para enfrentar actitudes tur\u00edsticas nocivas para las poblaciones de anfibios tales como colectar o acosar a los animales, ba\u00f1arse en humedales y lagos o asearse en los abrevaderos.<\/p>\n\n\n\n<p>El proyecto europeo<strong> LIFE18 NAT\/ES\/000121 DIVAQUA <\/strong>est\u00e1 coordinado por la <a href=\"https:\/\/web.unican.es\/\">Universidad de Cantabria<\/a> a trav\u00e9s del Instituto de Hidr\u00e1ulica Ambiental. Cuenta con la contribuci\u00f3n financiera del Programa LIFE de la Uni\u00f3n Europea y lo cofinancia la&nbsp;<a href=\"https:\/\/www.cantabria.es\/web\/consejeria-de-desarrollo-rural-ganaderia-pesca-y-biodiversidad\" target=\"_blank\" rel=\"noreferrer noopener\">Consejer\u00eda de Desarrollo Rural, Ganader\u00eda, Pesca, Alimentaci\u00f3n y Medio Ambiente del Gobierno de Cantabria<\/a>.<\/p>\n\n\n\n<p>Son socios beneficiarios del proyecto <a href=\"https:\/\/redcambera.org\/\" target=\"_blank\" rel=\"noreferrer noopener\">Red Cambera<\/a>,&nbsp;<a href=\"https:\/\/www.csic.es\/\" target=\"_blank\" rel=\"noreferrer noopener\">Consejo Superior de Investigaciones Cient\u00edficas (CSIC)<\/a>,&nbsp;<a href=\"https:\/\/www.itagra.com\/\" target=\"_blank\" rel=\"noreferrer noopener\">Centro Tecnol\u00f3gico Agrario y Agroalimentario Itagra.CT<\/a>,&nbsp;<a href=\"https:\/\/www.repsol.es\/es\/index.cshtml\" target=\"_blank\" rel=\"noreferrer noopener\">Repsol<\/a>,&nbsp;<a href=\"https:\/\/fundacionih.es\/\" target=\"_blank\" rel=\"noreferrer noopener\">la Fundaci\u00f3n Instituto de Hidr\u00e1ulica Ambiental Cantabria<\/a>. Adem\u00e1s de los Gobiernos auton\u00f3micos del&nbsp;<a href=\"http:\/\/movil.asturias.es\/\" target=\"_blank\" rel=\"noreferrer noopener\">Principado de Asturias<\/a>&nbsp;y la&nbsp;<a href=\"https:\/\/www.jcyl.es\/\" target=\"_blank\" rel=\"noreferrer noopener\">Junta de Castilla y Le\u00f3n<\/a>.<\/p>\n","protected":false},"excerpt":{"rendered":"<p>Mediante la celebraci\u00f3n de la jornada de participaci\u00f3n y colaboraci\u00f3n \u00bfQUI\u00c9N VIVE AQU\u00cd?, hosteleros y empresas de turismo de la vertiente c\u00e1ntabra de Picos de Europa han puesto de manifiesto que el sector terciario tiene inter\u00e9s por la implicaci\u00f3n de su actividad empresarial en la&#8230;<\/p>\n","protected":false},"author":3,"featured_media":2021,"comment_status":"open","ping_status":"closed","sticky":false,"template":"","format":"standard","meta":{"footnotes":""},"categories":[31],"tags":[155,35,36,350,351,32,33,106],"class_list":["post-2026","post","type-post","status-publish","format-standard","has-post-thumbnail","hentry","category-noticias-en","tag-anfibios-en","tag-biodiversidad-en","tag-ecosistemas-acuaticos-en","tag-empresas-de-turismo-en","tag-hosteleria-en","tag-life-divaqua-en","tag-picos-de-europa-en","tag-programa-life-en"],"yoast_head":"<!-- This site is optimized with the Yoast SEO plugin v27.4 - https:\/\/yoast.com\/product\/yoast-seo-wordpress\/ -->\n<title>SECTOR TERCIARIO INTERESADO EN LOS ANFIBIOS - Mejorando la Diversidad Acuatica en Picos de Europa<\/title>\n<meta name=\"description\" content=\"Jornada de participaci\u00f3n \u00bfQUI\u00c9N VIVE AQU\u00cd? La vida acu\u00e1tica en Picos de Europa, gu\u00eda para hosteleros y empresas de turismo de Picos de Europa.\" \/>\n<meta name=\"robots\" content=\"index, follow, max-snippet:-1, max-image-preview:large, max-video-preview:-1\" \/>\n<link rel=\"canonical\" href=\"https:\/\/lifedivaqua.com\/en\/sector-terciario-interesado-en-los-anfibios\/\" \/>\n<meta property=\"og:locale\" content=\"en_US\" \/>\n<meta property=\"og:type\" content=\"article\" \/>\n<meta property=\"og:title\" content=\"SECTOR TERCIARIO INTERESADO EN LOS ANFIBIOS - Mejorando la Diversidad Acuatica en Picos de Europa\" \/>\n<meta property=\"og:description\" content=\"Jornada de participaci\u00f3n \u00bfQUI\u00c9N VIVE AQU\u00cd? La vida acu\u00e1tica en Picos de Europa, gu\u00eda para hosteleros y empresas de turismo de Picos de Europa.\" \/>\n<meta property=\"og:url\" content=\"https:\/\/lifedivaqua.com\/en\/sector-terciario-interesado-en-los-anfibios\/\" \/>\n<meta property=\"og:site_name\" content=\"Mejorando la Diversidad Acuatica en Picos de Europa\" \/>\n<meta property=\"article:published_time\" content=\"2022-10-26T15:33:00+00:00\" \/>\n<meta property=\"article:modified_time\" content=\"2023-02-13T20:07:34+00:00\" \/>\n<meta property=\"og:image\" content=\"https:\/\/lifedivaqua.com\/wp-content\/uploads\/2022\/10\/1666811393098.jpeg\" \/>\n\t<meta property=\"og:image:width\" content=\"1600\" \/>\n\t<meta property=\"og:image:height\" content=\"720\" \/>\n\t<meta property=\"og:image:type\" content=\"image\/jpeg\" \/>\n<meta name=\"author\" content=\"Mar Ram\u00edrez\" \/>\n<meta name=\"twitter:card\" content=\"summary_large_image\" \/>\n<meta name=\"twitter:label1\" content=\"Written by\" \/>\n\t<meta name=\"twitter:data1\" content=\"Mar Ram\u00edrez\" \/>\n\t<meta name=\"twitter:label2\" content=\"Est. reading time\" \/>\n\t<meta name=\"twitter:data2\" content=\"3 minutes\" \/>\n<script type=\"application\/ld+json\" class=\"yoast-schema-graph\">{\"@context\":\"https:\\\/\\\/schema.org\",\"@graph\":[{\"@type\":\"Article\",\"@id\":\"https:\\\/\\\/lifedivaqua.com\\\/en\\\/sector-terciario-interesado-en-los-anfibios\\\/#article\",\"isPartOf\":{\"@id\":\"https:\\\/\\\/lifedivaqua.com\\\/en\\\/sector-terciario-interesado-en-los-anfibios\\\/\"},\"author\":{\"name\":\"Mar Ram\u00edrez\",\"@id\":\"https:\\\/\\\/lifedivaqua.com\\\/#\\\/schema\\\/person\\\/450d8a0aed043f1b7ae8d2e0e39952a6\"},\"headline\":\"SECTOR TERCIARIO INTERESADO EN LOS ANFIBIOS\",\"datePublished\":\"2022-10-26T15:33:00+00:00\",\"dateModified\":\"2023-02-13T20:07:34+00:00\",\"mainEntityOfPage\":{\"@id\":\"https:\\\/\\\/lifedivaqua.com\\\/en\\\/sector-terciario-interesado-en-los-anfibios\\\/\"},\"wordCount\":653,\"commentCount\":0,\"image\":{\"@id\":\"https:\\\/\\\/lifedivaqua.com\\\/en\\\/sector-terciario-interesado-en-los-anfibios\\\/#primaryimage\"},\"thumbnailUrl\":\"https:\\\/\\\/lifedivaqua.com\\\/wp-content\\\/uploads\\\/2022\\\/10\\\/1666811393098.jpeg\",\"keywords\":[\"anfibios\",\"biodiversidad\",\"ecosistemas acu\u00e1ticos\",\"empresas de turismo\",\"hosteler\u00eda\",\"LIFE Divaqua\",\"Picos de Europa\",\"programa LIFE\"],\"articleSection\":[\"Noticias\"],\"inLanguage\":\"en-US\",\"potentialAction\":[{\"@type\":\"CommentAction\",\"name\":\"Comment\",\"target\":[\"https:\\\/\\\/lifedivaqua.com\\\/en\\\/sector-terciario-interesado-en-los-anfibios\\\/#respond\"]}]},{\"@type\":\"WebPage\",\"@id\":\"https:\\\/\\\/lifedivaqua.com\\\/en\\\/sector-terciario-interesado-en-los-anfibios\\\/\",\"url\":\"https:\\\/\\\/lifedivaqua.com\\\/en\\\/sector-terciario-interesado-en-los-anfibios\\\/\",\"name\":\"SECTOR TERCIARIO INTERESADO EN LOS ANFIBIOS - Mejorando la Diversidad Acuatica en Picos de Europa\",\"isPartOf\":{\"@id\":\"https:\\\/\\\/lifedivaqua.com\\\/#website\"},\"primaryImageOfPage\":{\"@id\":\"https:\\\/\\\/lifedivaqua.com\\\/en\\\/sector-terciario-interesado-en-los-anfibios\\\/#primaryimage\"},\"image\":{\"@id\":\"https:\\\/\\\/lifedivaqua.com\\\/en\\\/sector-terciario-interesado-en-los-anfibios\\\/#primaryimage\"},\"thumbnailUrl\":\"https:\\\/\\\/lifedivaqua.com\\\/wp-content\\\/uploads\\\/2022\\\/10\\\/1666811393098.jpeg\",\"datePublished\":\"2022-10-26T15:33:00+00:00\",\"dateModified\":\"2023-02-13T20:07:34+00:00\",\"author\":{\"@id\":\"https:\\\/\\\/lifedivaqua.com\\\/#\\\/schema\\\/person\\\/450d8a0aed043f1b7ae8d2e0e39952a6\"},\"description\":\"Jornada de participaci\u00f3n \u00bfQUI\u00c9N VIVE AQU\u00cd? La vida acu\u00e1tica en Picos de Europa, gu\u00eda para hosteleros y empresas de turismo de Picos de Europa.\",\"breadcrumb\":{\"@id\":\"https:\\\/\\\/lifedivaqua.com\\\/en\\\/sector-terciario-interesado-en-los-anfibios\\\/#breadcrumb\"},\"inLanguage\":\"en-US\",\"potentialAction\":[{\"@type\":\"ReadAction\",\"target\":[\"https:\\\/\\\/lifedivaqua.com\\\/en\\\/sector-terciario-interesado-en-los-anfibios\\\/\"]}]},{\"@type\":\"ImageObject\",\"inLanguage\":\"en-US\",\"@id\":\"https:\\\/\\\/lifedivaqua.com\\\/en\\\/sector-terciario-interesado-en-los-anfibios\\\/#primaryimage\",\"url\":\"https:\\\/\\\/lifedivaqua.com\\\/wp-content\\\/uploads\\\/2022\\\/10\\\/1666811393098.jpeg\",\"contentUrl\":\"https:\\\/\\\/lifedivaqua.com\\\/wp-content\\\/uploads\\\/2022\\\/10\\\/1666811393098.jpeg\",\"width\":1600,\"height\":720,\"caption\":\"Jornada \u00bfQUI\u00c9N VIVE AQU\u00cf? para hosteleros y empresas tur\u00edsticas en Valle de Camale\u00f1o (Cantabria)_LIFE DIVAQUA\"},{\"@type\":\"BreadcrumbList\",\"@id\":\"https:\\\/\\\/lifedivaqua.com\\\/en\\\/sector-terciario-interesado-en-los-anfibios\\\/#breadcrumb\",\"itemListElement\":[{\"@type\":\"ListItem\",\"position\":1,\"name\":\"Home\",\"item\":\"https:\\\/\\\/lifedivaqua.com\\\/en\\\/\"},{\"@type\":\"ListItem\",\"position\":2,\"name\":\"SECTOR TERCIARIO INTERESADO EN LOS ANFIBIOS\"}]},{\"@type\":\"WebSite\",\"@id\":\"https:\\\/\\\/lifedivaqua.com\\\/#website\",\"url\":\"https:\\\/\\\/lifedivaqua.com\\\/\",\"name\":\"Mejorando la Diversidad Acuatica en Picos de Europa\",\"description\":\"DIVAQUA\",\"potentialAction\":[{\"@type\":\"SearchAction\",\"target\":{\"@type\":\"EntryPoint\",\"urlTemplate\":\"https:\\\/\\\/lifedivaqua.com\\\/?s={search_term_string}\"},\"query-input\":{\"@type\":\"PropertyValueSpecification\",\"valueRequired\":true,\"valueName\":\"search_term_string\"}}],\"inLanguage\":\"en-US\"},{\"@type\":\"Person\",\"@id\":\"https:\\\/\\\/lifedivaqua.com\\\/#\\\/schema\\\/person\\\/450d8a0aed043f1b7ae8d2e0e39952a6\",\"name\":\"Mar Ram\u00edrez\",\"image\":{\"@type\":\"ImageObject\",\"inLanguage\":\"en-US\",\"@id\":\"https:\\\/\\\/secure.gravatar.com\\\/avatar\\\/5bedcb7de6a52347e42394dec9ede8930ff08ef7d9b9be9fc5eb0384eed24bb7?s=96&d=mm&r=g\",\"url\":\"https:\\\/\\\/secure.gravatar.com\\\/avatar\\\/5bedcb7de6a52347e42394dec9ede8930ff08ef7d9b9be9fc5eb0384eed24bb7?s=96&d=mm&r=g\",\"contentUrl\":\"https:\\\/\\\/secure.gravatar.com\\\/avatar\\\/5bedcb7de6a52347e42394dec9ede8930ff08ef7d9b9be9fc5eb0384eed24bb7?s=96&d=mm&r=g\",\"caption\":\"Mar Ram\u00edrez\"},\"url\":\"https:\\\/\\\/lifedivaqua.com\\\/en\\\/author\\\/mar_divaqua\\\/\"}]}<\/script>\n<!-- \/ Yoast SEO plugin. -->","yoast_head_json":{"title":"SECTOR TERCIARIO INTERESADO EN LOS ANFIBIOS - Mejorando la Diversidad Acuatica en Picos de Europa","description":"Jornada de participaci\u00f3n \u00bfQUI\u00c9N VIVE AQU\u00cd? La vida acu\u00e1tica en Picos de Europa, gu\u00eda para hosteleros y empresas de turismo de Picos de Europa.","robots":{"index":"index","follow":"follow","max-snippet":"max-snippet:-1","max-image-preview":"max-image-preview:large","max-video-preview":"max-video-preview:-1"},"canonical":"https:\/\/lifedivaqua.com\/en\/sector-terciario-interesado-en-los-anfibios\/","og_locale":"en_US","og_type":"article","og_title":"SECTOR TERCIARIO INTERESADO EN LOS ANFIBIOS - Mejorando la Diversidad Acuatica en Picos de Europa","og_description":"Jornada de participaci\u00f3n \u00bfQUI\u00c9N VIVE AQU\u00cd? La vida acu\u00e1tica en Picos de Europa, gu\u00eda para hosteleros y empresas de turismo de Picos de Europa.","og_url":"https:\/\/lifedivaqua.com\/en\/sector-terciario-interesado-en-los-anfibios\/","og_site_name":"Mejorando la Diversidad Acuatica en Picos de Europa","article_published_time":"2022-10-26T15:33:00+00:00","article_modified_time":"2023-02-13T20:07:34+00:00","og_image":[{"width":1600,"height":720,"url":"https:\/\/lifedivaqua.com\/wp-content\/uploads\/2022\/10\/1666811393098.jpeg","type":"image\/jpeg"}],"author":"Mar Ram\u00edrez","twitter_card":"summary_large_image","twitter_misc":{"Written by":"Mar Ram\u00edrez","Est. reading time":"3 minutes"},"schema":{"@context":"https:\/\/schema.org","@graph":[{"@type":"Article","@id":"https:\/\/lifedivaqua.com\/en\/sector-terciario-interesado-en-los-anfibios\/#article","isPartOf":{"@id":"https:\/\/lifedivaqua.com\/en\/sector-terciario-interesado-en-los-anfibios\/"},"author":{"name":"Mar Ram\u00edrez","@id":"https:\/\/lifedivaqua.com\/#\/schema\/person\/450d8a0aed043f1b7ae8d2e0e39952a6"},"headline":"SECTOR TERCIARIO INTERESADO EN LOS ANFIBIOS","datePublished":"2022-10-26T15:33:00+00:00","dateModified":"2023-02-13T20:07:34+00:00","mainEntityOfPage":{"@id":"https:\/\/lifedivaqua.com\/en\/sector-terciario-interesado-en-los-anfibios\/"},"wordCount":653,"commentCount":0,"image":{"@id":"https:\/\/lifedivaqua.com\/en\/sector-terciario-interesado-en-los-anfibios\/#primaryimage"},"thumbnailUrl":"https:\/\/lifedivaqua.com\/wp-content\/uploads\/2022\/10\/1666811393098.jpeg","keywords":["anfibios","biodiversidad","ecosistemas acu\u00e1ticos","empresas de turismo","hosteler\u00eda","LIFE Divaqua","Picos de Europa","programa LIFE"],"articleSection":["Noticias"],"inLanguage":"en-US","potentialAction":[{"@type":"CommentAction","name":"Comment","target":["https:\/\/lifedivaqua.com\/en\/sector-terciario-interesado-en-los-anfibios\/#respond"]}]},{"@type":"WebPage","@id":"https:\/\/lifedivaqua.com\/en\/sector-terciario-interesado-en-los-anfibios\/","url":"https:\/\/lifedivaqua.com\/en\/sector-terciario-interesado-en-los-anfibios\/","name":"SECTOR TERCIARIO INTERESADO EN LOS ANFIBIOS - Mejorando la Diversidad Acuatica en Picos de Europa","isPartOf":{"@id":"https:\/\/lifedivaqua.com\/#website"},"primaryImageOfPage":{"@id":"https:\/\/lifedivaqua.com\/en\/sector-terciario-interesado-en-los-anfibios\/#primaryimage"},"image":{"@id":"https:\/\/lifedivaqua.com\/en\/sector-terciario-interesado-en-los-anfibios\/#primaryimage"},"thumbnailUrl":"https:\/\/lifedivaqua.com\/wp-content\/uploads\/2022\/10\/1666811393098.jpeg","datePublished":"2022-10-26T15:33:00+00:00","dateModified":"2023-02-13T20:07:34+00:00","author":{"@id":"https:\/\/lifedivaqua.com\/#\/schema\/person\/450d8a0aed043f1b7ae8d2e0e39952a6"},"description":"Jornada de participaci\u00f3n \u00bfQUI\u00c9N VIVE AQU\u00cd? La vida acu\u00e1tica en Picos de Europa, gu\u00eda para hosteleros y empresas de turismo de Picos de Europa.","breadcrumb":{"@id":"https:\/\/lifedivaqua.com\/en\/sector-terciario-interesado-en-los-anfibios\/#breadcrumb"},"inLanguage":"en-US","potentialAction":[{"@type":"ReadAction","target":["https:\/\/lifedivaqua.com\/en\/sector-terciario-interesado-en-los-anfibios\/"]}]},{"@type":"ImageObject","inLanguage":"en-US","@id":"https:\/\/lifedivaqua.com\/en\/sector-terciario-interesado-en-los-anfibios\/#primaryimage","url":"https:\/\/lifedivaqua.com\/wp-content\/uploads\/2022\/10\/1666811393098.jpeg","contentUrl":"https:\/\/lifedivaqua.com\/wp-content\/uploads\/2022\/10\/1666811393098.jpeg","width":1600,"height":720,"caption":"Jornada \u00bfQUI\u00c9N VIVE AQU\u00cf? para hosteleros y empresas tur\u00edsticas en Valle de Camale\u00f1o (Cantabria)_LIFE DIVAQUA"},{"@type":"BreadcrumbList","@id":"https:\/\/lifedivaqua.com\/en\/sector-terciario-interesado-en-los-anfibios\/#breadcrumb","itemListElement":[{"@type":"ListItem","position":1,"name":"Home","item":"https:\/\/lifedivaqua.com\/en\/"},{"@type":"ListItem","position":2,"name":"SECTOR TERCIARIO INTERESADO EN LOS ANFIBIOS"}]},{"@type":"WebSite","@id":"https:\/\/lifedivaqua.com\/#website","url":"https:\/\/lifedivaqua.com\/","name":"Mejorando la Diversidad Acuatica en Picos de Europa","description":"DIVAQUA","potentialAction":[{"@type":"SearchAction","target":{"@type":"EntryPoint","urlTemplate":"https:\/\/lifedivaqua.com\/?s={search_term_string}"},"query-input":{"@type":"PropertyValueSpecification","valueRequired":true,"valueName":"search_term_string"}}],"inLanguage":"en-US"},{"@type":"Person","@id":"https:\/\/lifedivaqua.com\/#\/schema\/person\/450d8a0aed043f1b7ae8d2e0e39952a6","name":"Mar Ram\u00edrez","image":{"@type":"ImageObject","inLanguage":"en-US","@id":"https:\/\/secure.gravatar.com\/avatar\/5bedcb7de6a52347e42394dec9ede8930ff08ef7d9b9be9fc5eb0384eed24bb7?s=96&d=mm&r=g","url":"https:\/\/secure.gravatar.com\/avatar\/5bedcb7de6a52347e42394dec9ede8930ff08ef7d9b9be9fc5eb0384eed24bb7?s=96&d=mm&r=g","contentUrl":"https:\/\/secure.gravatar.com\/avatar\/5bedcb7de6a52347e42394dec9ede8930ff08ef7d9b9be9fc5eb0384eed24bb7?s=96&d=mm&r=g","caption":"Mar Ram\u00edrez"},"url":"https:\/\/lifedivaqua.com\/en\/author\/mar_divaqua\/"}]}},"_links":{"self":[{"href":"https:\/\/lifedivaqua.com\/en\/wp-json\/wp\/v2\/posts\/2026","targetHints":{"allow":["GET"]}}],"collection":[{"href":"https:\/\/lifedivaqua.com\/en\/wp-json\/wp\/v2\/posts"}],"about":[{"href":"https:\/\/lifedivaqua.com\/en\/wp-json\/wp\/v2\/types\/post"}],"author":[{"embeddable":true,"href":"https:\/\/lifedivaqua.com\/en\/wp-json\/wp\/v2\/users\/3"}],"replies":[{"embeddable":true,"href":"https:\/\/lifedivaqua.com\/en\/wp-json\/wp\/v2\/comments?post=2026"}],"version-history":[{"count":3,"href":"https:\/\/lifedivaqua.com\/en\/wp-json\/wp\/v2\/posts\/2026\/revisions"}],"predecessor-version":[{"id":2238,"href":"https:\/\/lifedivaqua.com\/en\/wp-json\/wp\/v2\/posts\/2026\/revisions\/2238"}],"wp:featuredmedia":[{"embeddable":true,"href":"https:\/\/lifedivaqua.com\/en\/wp-json\/wp\/v2\/media\/2021"}],"wp:attachment":[{"href":"https:\/\/lifedivaqua.com\/en\/wp-json\/wp\/v2\/media?parent=2026"}],"wp:term":[{"taxonomy":"category","embeddable":true,"href":"https:\/\/lifedivaqua.com\/en\/wp-json\/wp\/v2\/categories?post=2026"},{"taxonomy":"post_tag","embeddable":true,"href":"https:\/\/lifedivaqua.com\/en\/wp-json\/wp\/v2\/tags?post=2026"}],"curies":[{"name":"wp","href":"https:\/\/api.w.org\/{rel}","templated":true}]}}