{"id":1601,"date":"2022-06-30T08:18:00","date_gmt":"2022-06-30T07:18:00","guid":{"rendered":"https:\/\/lifedivaqua.com\/un-ano-mas-por-la-conservacion\/"},"modified":"2023-02-13T21:15:32","modified_gmt":"2023-02-13T20:15:32","slug":"un-ano-mas-por-la-conservacion","status":"publish","type":"post","link":"https:\/\/lifedivaqua.com\/en\/un-ano-mas-por-la-conservacion\/","title":{"rendered":"UN A\u00d1O M\u00c1S POR LA CONSERVACI\u00d3N"},"content":{"rendered":"\n<h2 class=\"wp-block-heading\"><strong><em>En Picos de Europa, las actuaciones por la conservaci\u00f3n de su biodiversidad realizadas por DIVAQUA ya muestran la estrategia europea para la restauraci\u00f3n de h\u00e1bitats y especies amenazadas de los ecosistemas acu\u00e1ticos de monta\u00f1a. As\u00ed lo hemos presentado en la reuni\u00f3n de seguimiento del proyecto.<\/em><\/strong><\/h2>\n\n\n\n<p><\/p>\n\n\n\n<p>A finales del mes de junio han tenido lugar la reuni\u00f3n de seguimiento del proyecto. Adem\u00e1s de la revisi\u00f3n de los aspectos administrativos y financieros se han mostrado los avances t\u00e9cnicos del proyecto europeo dedicado a la mejora y restauraci\u00f3n de la naturaleza de monta\u00f1a ligada a los ecosistemas acu\u00e1ticos continentales de Picos de Europa.<\/p>\n\n\n\n<h3 class=\"wp-block-heading\"><strong>E<\/strong>n marcha<\/h3>\n\n\n\n<p>Las reuniones se han desarrollado en las instalaciones del Instituto de Hidr\u00e1ulica Ambiental de la <a href=\"https:\/\/web.unican.es\/\">Universidad de Cantabria<\/a>, coordinador del proyecto y con asistencia de representantes de los socios beneficiarios:&nbsp;<a href=\"https:\/\/redcambera.org\/\" target=\"_blank\" rel=\"noreferrer noopener\">Red Cambera<\/a>,&nbsp;<a href=\"https:\/\/www.csic.es\/\" target=\"_blank\" rel=\"noreferrer noopener\">Consejo Superior de Investigaciones Cient\u00edficas (CSIC)<\/a>,&nbsp;<a href=\"https:\/\/www.itagra.com\/\" target=\"_blank\" rel=\"noreferrer noopener\">Centro Tecnol\u00f3gico Agrario y Agroalimentario Itagra.CT<\/a>,&nbsp;<a href=\"https:\/\/www.repsol.es\/es\/index.cshtml\" target=\"_blank\" rel=\"noreferrer noopener\">Repsol<\/a>,&nbsp;<a href=\"https:\/\/fundacionih.es\/\" target=\"_blank\" rel=\"noreferrer noopener\">la Fundaci\u00f3n Instituto de Hidr\u00e1ulica Ambiental Cantabria<\/a>. Adem\u00e1s han contado con la participaci\u00f3n de representantes de la direcci\u00f3n del parque nacional y de los Gobiernos auton\u00f3micos del&nbsp;<a href=\"http:\/\/movil.asturias.es\/\" target=\"_blank\" rel=\"noreferrer noopener\">Principado de Asturias<\/a>&nbsp;y la&nbsp;<a href=\"https:\/\/www.jcyl.es\/\" target=\"_blank\" rel=\"noreferrer noopener\">Junta de Castilla y Le\u00f3n<\/a>. Asimismo ha participado la&nbsp;<a href=\"https:\/\/www.cantabria.es\/web\/consejeria-de-desarrollo-rural-ganaderia-pesca-y-biodiversidad\" target=\"_blank\" rel=\"noreferrer noopener\">Consejer\u00eda de Desarrollo Rural, Ganader\u00eda, Pesca, Alimentaci\u00f3n y Medio Ambiente del Gobierno de Cantabria<\/a>&nbsp;como socio cofinanciador del proyecto.<\/p>\n\n\n\n<p>Ante los asistentes se han mostrado las intervenciones realizadas sobre el territorio DIVAQUA, haciendo especial hincapi\u00e9 en la permeabilizaci\u00f3n de los obst\u00e1culos fluviales. Al mismo tiempo se han resaltado los datos de participaci\u00f3n social en el programa de sensibilizaci\u00f3n y divulgaci\u00f3n del proyecto as\u00ed como a trav\u00e9s de los talleres tem\u00e1ticos mediante sus actividades formativas.<\/p>\n\n\n\n<h3 class=\"wp-block-heading\">Nuevas herramientas de conservaci\u00f3n<\/h3>\n\n\n\n<p>Para comprender las m\u00e1s actuales t\u00e9cnicas de investigaci\u00f3n y an\u00e1lisis de datos biol\u00f3gicos como el ADN ambiental o eDNA se hizo una presentaci\u00f3n con demostraci\u00f3n pr\u00e1ctica de las tareas que se est\u00e1n desarrollando y que permitir\u00e1n disponer de una base de datos \u00fanica con las especies que habitan los ecosistemas acu\u00e1ticos de Picos de Europa.<\/p>\n\n\n<div class=\"wp-block-image\">\n<figure class=\"aligncenter size-large\"><img loading=\"lazy\" decoding=\"async\" width=\"1024\" height=\"768\" src=\"https:\/\/lifedivaqua.com\/wp-content\/uploads\/2022\/07\/1657565415858-1024x768.jpg\" alt=\"Reuni\u00f3n administrativa durante jornadas t\u00e9cnicas Junio 2022\" class=\"wp-image-1594\" srcset=\"https:\/\/lifedivaqua.com\/wp-content\/uploads\/2022\/07\/1657565415858-1024x768.jpg 1024w, https:\/\/lifedivaqua.com\/wp-content\/uploads\/2022\/07\/1657565415858-300x225.jpg 300w, https:\/\/lifedivaqua.com\/wp-content\/uploads\/2022\/07\/1657565415858-768x576.jpg 768w, https:\/\/lifedivaqua.com\/wp-content\/uploads\/2022\/07\/1657565415858-1536x1152.jpg 1536w, https:\/\/lifedivaqua.com\/wp-content\/uploads\/2022\/07\/1657565415858-800x600.jpg 800w, https:\/\/lifedivaqua.com\/wp-content\/uploads\/2022\/07\/1657565415858-700x525.jpg 700w, https:\/\/lifedivaqua.com\/wp-content\/uploads\/2022\/07\/1657565415858-1320x990.jpg 1320w, https:\/\/lifedivaqua.com\/wp-content\/uploads\/2022\/07\/1657565415858.jpg 2048w\" sizes=\"auto, (max-width: 1024px) 100vw, 1024px\" \/><figcaption class=\"wp-element-caption\">Reuni\u00f3n administrativa durante jornadas t\u00e9cnicas Junio 2022<\/figcaption><\/figure>\n<\/div>\n\n\n<p>Tambi\u00e9n ha habido tiempo de presentar distinta documentaci\u00f3n y avances del proyecto que aunque no suponen un entregable, s\u00ed que merece la pena destacar, como ocurre con los estudios y modelos vinculados al cambio clim\u00e1tico, o con la revisi\u00f3n de algunos de los proyectos planteados. Todo ello est\u00e1 recogido en los anejos de los informes t\u00e9cnicos.<\/p>\n\n\n\n<p>Asimismo se han presentado los materiales divulgativos elaborados para ser distribuidos entre los agentes locales cuya actividad est\u00e1 ligada al turismo de naturaleza. Con su distribuci\u00f3n gratuita y amplia se pretende concienciar y sensibilizar a los turistas de monta\u00f1a para el desarrollo de una actividad recreativa sostenible y comprometida con el entorno natural durante su visita al parque nacional.<\/p>\n\n\n\n<h3 class=\"wp-block-heading\"><strong>J<\/strong>ornadas de monta\u00f1a<\/h3>\n\n\n\n<p>Una vez completadas las reuniones t\u00e9cnicas y administrativo-financieras se han desarrollado visitas t\u00e9cnicas de campo en Picos de Europa para conocer de primera mano las actuaciones que se est\u00e1n llevando a cabo en el territorio. Especialmente la eliminaci\u00f3n de las barreras transversales como los azudes de los r\u00edos Deva y Bull\u00f3n que deten\u00edan su libre circulaci\u00f3n fluvial. Actuaciones con las que se ha incrementado el \u00e1rea de distribuci\u00f3n de especies de inter\u00e9s comunitario como el salm\u00f3n atl\u00e1ntico.<\/p>\n\n\n\n<p>Tambi\u00e9n se han visitado algunas de las nuevas poblaciones del helecho <em>Woodwardia radicans<\/em>. Donde se pudo comprobar sobre el terreno el \u00f3ptimo desarrollo que est\u00e1n experimentando las j\u00f3venes plantas desarrolladas por el proyecto.<\/p>\n\n\n<div class=\"wp-block-image\">\n<figure class=\"aligncenter size-large\"><img loading=\"lazy\" decoding=\"async\" width=\"1024\" height=\"768\" src=\"https:\/\/lifedivaqua.com\/wp-content\/uploads\/2022\/07\/1657566415560-1024x768.jpeg\" alt=\"Visita r\u00edo Cares durante jornadas t\u00e9cnicas Junio 2022\" class=\"wp-image-1596\" srcset=\"https:\/\/lifedivaqua.com\/wp-content\/uploads\/2022\/07\/1657566415560-1024x768.jpeg 1024w, https:\/\/lifedivaqua.com\/wp-content\/uploads\/2022\/07\/1657566415560-300x225.jpeg 300w, https:\/\/lifedivaqua.com\/wp-content\/uploads\/2022\/07\/1657566415560-768x576.jpeg 768w, https:\/\/lifedivaqua.com\/wp-content\/uploads\/2022\/07\/1657566415560-1536x1152.jpeg 1536w, https:\/\/lifedivaqua.com\/wp-content\/uploads\/2022\/07\/1657566415560-800x600.jpeg 800w, https:\/\/lifedivaqua.com\/wp-content\/uploads\/2022\/07\/1657566415560-700x525.jpeg 700w, https:\/\/lifedivaqua.com\/wp-content\/uploads\/2022\/07\/1657566415560-1320x990.jpeg 1320w, https:\/\/lifedivaqua.com\/wp-content\/uploads\/2022\/07\/1657566415560.jpeg 1600w\" sizes=\"auto, (max-width: 1024px) 100vw, 1024px\" \/><figcaption class=\"wp-element-caption\">Visita r\u00edo Cares durante jornadas t\u00e9cnicas Junio 2022<\/figcaption><\/figure>\n<\/div>\n\n\n<h3 class=\"wp-block-heading\">Bienvenida a la custodia del territorio<\/h3>\n\n\n\n<p>Los acuerdos con administraciones locales, propietarios del territorio y los ganaderos a trav\u00e9s de una efectiva herramienta ambiental como es la custodia del territorio, est\u00e1n demostrando magn\u00edficos avances en el proyecto. Gracias a la buena recepci\u00f3n e implicaci\u00f3n de los diferentes agentes socioecon\u00f3micos implicados para la conservaci\u00f3n de algunos de los humedales con mayor inter\u00e9s europeo situados en el parque nacional tales como el manantial de Fuente D\u00e9 o el r\u00edo Casa\u00f1o a su paso por el concejo de Cabrales.<\/p>\n\n\n\n<p>El programa LIFE es el \u00fanico instrumento financiero europeo que, en su componente de naturaleza y biodiversidad, fomenta el desarrollo y mantenimiento de la Red Natura 2000, la mayor red de \u00e1reas protegidas del mundo.<\/p>\n\n\n\n<p>El objetivo de la <strong>Red Natura 2000<\/strong> es alcanzar o, en su caso, mantener en un estado de conservaci\u00f3n favorable, de los h\u00e1bitats y especies se\u00f1alados en las <strong>Directivas H\u00e1bitats y Aves<\/strong>. Las actuaciones que se contemplan en el proyecto DIVAQUA siguen este objetivo respecto a los ecosistemas acu\u00e1ticos continentales dentro de las cuencas que drenan el Parque Nacional de Picos de Europa y su entorno en Red Natura 2000.<\/p>\n","protected":false},"excerpt":{"rendered":"<p>En Picos de Europa, las actuaciones por la conservaci\u00f3n de su biodiversidad realizadas por DIVAQUA ya muestran la estrategia europea para la restauraci\u00f3n de h\u00e1bitats y especies amenazadas de los ecosistemas acu\u00e1ticos de monta\u00f1a. As\u00ed lo hemos presentado en la reuni\u00f3n de seguimiento del proyecto&#8230;.<\/p>\n","protected":false},"author":3,"featured_media":1593,"comment_status":"open","ping_status":"closed","sticky":false,"template":"","format":"standard","meta":{"footnotes":""},"categories":[31],"tags":[35,34,39,332,208,32,33,150,42],"class_list":["post-1601","post","type-post","status-publish","format-standard","has-post-thumbnail","hentry","category-noticias-en","tag-biodiversidad-en","tag-conservacion-en","tag-custodia-del-territorio-en","tag-directiva-aves-en","tag-directiva-habitats-2-en","tag-life-divaqua-en","tag-picos-de-europa-en","tag-red-natura-2000-en","tag-restauracion-fluvial-en"],"yoast_head":"<!-- This site is optimized with the Yoast SEO plugin v27.4 - https:\/\/yoast.com\/product\/yoast-seo-wordpress\/ -->\n<title>UN A\u00d1O M\u00c1S POR LA CONSERVACI\u00d3N - Mejorando la Diversidad Acuatica en Picos de Europa<\/title>\n<meta name=\"description\" content=\"En el \u00faltimo a\u00f1o, LIFE DIVAQUA ha avanzado con \u00e9xito en las actuaciones por la mejora y conservaci\u00f3n de la biodiversidad en Picos de Europa.\" \/>\n<meta name=\"robots\" content=\"index, follow, max-snippet:-1, max-image-preview:large, max-video-preview:-1\" \/>\n<link rel=\"canonical\" href=\"https:\/\/lifedivaqua.com\/en\/un-ano-mas-por-la-conservacion\/\" \/>\n<meta property=\"og:locale\" content=\"en_US\" \/>\n<meta property=\"og:type\" content=\"article\" \/>\n<meta property=\"og:title\" content=\"UN A\u00d1O M\u00c1S POR LA CONSERVACI\u00d3N - Mejorando la Diversidad Acuatica en Picos de Europa\" \/>\n<meta property=\"og:description\" content=\"En el \u00faltimo a\u00f1o, LIFE DIVAQUA ha avanzado con \u00e9xito en las actuaciones por la mejora y conservaci\u00f3n de la biodiversidad en Picos de Europa.\" \/>\n<meta property=\"og:url\" content=\"https:\/\/lifedivaqua.com\/en\/un-ano-mas-por-la-conservacion\/\" \/>\n<meta property=\"og:site_name\" content=\"Mejorando la Diversidad Acuatica en Picos de Europa\" \/>\n<meta property=\"article:published_time\" content=\"2022-06-30T07:18:00+00:00\" \/>\n<meta property=\"article:modified_time\" content=\"2023-02-13T20:15:32+00:00\" \/>\n<meta property=\"og:image\" content=\"https:\/\/lifedivaqua.com\/wp-content\/uploads\/2022\/07\/1657566415570.jpeg\" \/>\n\t<meta property=\"og:image:width\" content=\"1499\" \/>\n\t<meta property=\"og:image:height\" content=\"1199\" \/>\n\t<meta property=\"og:image:type\" content=\"image\/jpeg\" \/>\n<meta name=\"author\" content=\"Mar Ram\u00edrez\" \/>\n<meta name=\"twitter:card\" content=\"summary_large_image\" \/>\n<meta name=\"twitter:label1\" content=\"Written by\" \/>\n\t<meta name=\"twitter:data1\" content=\"Mar Ram\u00edrez\" \/>\n\t<meta name=\"twitter:label2\" content=\"Est. reading time\" \/>\n\t<meta name=\"twitter:data2\" content=\"4 minutes\" \/>\n<script type=\"application\/ld+json\" class=\"yoast-schema-graph\">{\"@context\":\"https:\\\/\\\/schema.org\",\"@graph\":[{\"@type\":\"Article\",\"@id\":\"https:\\\/\\\/lifedivaqua.com\\\/en\\\/un-ano-mas-por-la-conservacion\\\/#article\",\"isPartOf\":{\"@id\":\"https:\\\/\\\/lifedivaqua.com\\\/en\\\/un-ano-mas-por-la-conservacion\\\/\"},\"author\":{\"name\":\"Mar Ram\u00edrez\",\"@id\":\"https:\\\/\\\/lifedivaqua.com\\\/#\\\/schema\\\/person\\\/450d8a0aed043f1b7ae8d2e0e39952a6\"},\"headline\":\"UN A\u00d1O M\u00c1S POR LA CONSERVACI\u00d3N\",\"datePublished\":\"2022-06-30T07:18:00+00:00\",\"dateModified\":\"2023-02-13T20:15:32+00:00\",\"mainEntityOfPage\":{\"@id\":\"https:\\\/\\\/lifedivaqua.com\\\/en\\\/un-ano-mas-por-la-conservacion\\\/\"},\"wordCount\":857,\"commentCount\":0,\"image\":{\"@id\":\"https:\\\/\\\/lifedivaqua.com\\\/en\\\/un-ano-mas-por-la-conservacion\\\/#primaryimage\"},\"thumbnailUrl\":\"https:\\\/\\\/lifedivaqua.com\\\/wp-content\\\/uploads\\\/2022\\\/07\\\/1657566415570.jpeg\",\"keywords\":[\"biodiversidad\",\"conservaci\u00f3n\",\"custodia del territorio\",\"Directiva Aves\",\"Directiva H\u00e1bitats\",\"LIFE Divaqua\",\"Picos de Europa\",\"Red Natura 2000\",\"restauraci\u00f3n fluvial\"],\"articleSection\":[\"Noticias\"],\"inLanguage\":\"en-US\",\"potentialAction\":[{\"@type\":\"CommentAction\",\"name\":\"Comment\",\"target\":[\"https:\\\/\\\/lifedivaqua.com\\\/en\\\/un-ano-mas-por-la-conservacion\\\/#respond\"]}]},{\"@type\":\"WebPage\",\"@id\":\"https:\\\/\\\/lifedivaqua.com\\\/en\\\/un-ano-mas-por-la-conservacion\\\/\",\"url\":\"https:\\\/\\\/lifedivaqua.com\\\/en\\\/un-ano-mas-por-la-conservacion\\\/\",\"name\":\"UN A\u00d1O M\u00c1S POR LA CONSERVACI\u00d3N - Mejorando la Diversidad Acuatica en Picos de Europa\",\"isPartOf\":{\"@id\":\"https:\\\/\\\/lifedivaqua.com\\\/#website\"},\"primaryImageOfPage\":{\"@id\":\"https:\\\/\\\/lifedivaqua.com\\\/en\\\/un-ano-mas-por-la-conservacion\\\/#primaryimage\"},\"image\":{\"@id\":\"https:\\\/\\\/lifedivaqua.com\\\/en\\\/un-ano-mas-por-la-conservacion\\\/#primaryimage\"},\"thumbnailUrl\":\"https:\\\/\\\/lifedivaqua.com\\\/wp-content\\\/uploads\\\/2022\\\/07\\\/1657566415570.jpeg\",\"datePublished\":\"2022-06-30T07:18:00+00:00\",\"dateModified\":\"2023-02-13T20:15:32+00:00\",\"author\":{\"@id\":\"https:\\\/\\\/lifedivaqua.com\\\/#\\\/schema\\\/person\\\/450d8a0aed043f1b7ae8d2e0e39952a6\"},\"description\":\"En el \u00faltimo a\u00f1o, LIFE DIVAQUA ha avanzado con \u00e9xito en las actuaciones por la mejora y conservaci\u00f3n de la biodiversidad en Picos de Europa.\",\"breadcrumb\":{\"@id\":\"https:\\\/\\\/lifedivaqua.com\\\/en\\\/un-ano-mas-por-la-conservacion\\\/#breadcrumb\"},\"inLanguage\":\"en-US\",\"potentialAction\":[{\"@type\":\"ReadAction\",\"target\":[\"https:\\\/\\\/lifedivaqua.com\\\/en\\\/un-ano-mas-por-la-conservacion\\\/\"]}]},{\"@type\":\"ImageObject\",\"inLanguage\":\"en-US\",\"@id\":\"https:\\\/\\\/lifedivaqua.com\\\/en\\\/un-ano-mas-por-la-conservacion\\\/#primaryimage\",\"url\":\"https:\\\/\\\/lifedivaqua.com\\\/wp-content\\\/uploads\\\/2022\\\/07\\\/1657566415570.jpeg\",\"contentUrl\":\"https:\\\/\\\/lifedivaqua.com\\\/wp-content\\\/uploads\\\/2022\\\/07\\\/1657566415570.jpeg\",\"width\":1499,\"height\":1199,\"caption\":\"Nuevos folletos presentados durante jornadas t\u00e9cnicas Junio 2022\"},{\"@type\":\"BreadcrumbList\",\"@id\":\"https:\\\/\\\/lifedivaqua.com\\\/en\\\/un-ano-mas-por-la-conservacion\\\/#breadcrumb\",\"itemListElement\":[{\"@type\":\"ListItem\",\"position\":1,\"name\":\"Home\",\"item\":\"https:\\\/\\\/lifedivaqua.com\\\/en\\\/\"},{\"@type\":\"ListItem\",\"position\":2,\"name\":\"UN A\u00d1O M\u00c1S POR LA CONSERVACI\u00d3N\"}]},{\"@type\":\"WebSite\",\"@id\":\"https:\\\/\\\/lifedivaqua.com\\\/#website\",\"url\":\"https:\\\/\\\/lifedivaqua.com\\\/\",\"name\":\"Mejorando la Diversidad Acuatica en Picos de Europa\",\"description\":\"DIVAQUA\",\"potentialAction\":[{\"@type\":\"SearchAction\",\"target\":{\"@type\":\"EntryPoint\",\"urlTemplate\":\"https:\\\/\\\/lifedivaqua.com\\\/?s={search_term_string}\"},\"query-input\":{\"@type\":\"PropertyValueSpecification\",\"valueRequired\":true,\"valueName\":\"search_term_string\"}}],\"inLanguage\":\"en-US\"},{\"@type\":\"Person\",\"@id\":\"https:\\\/\\\/lifedivaqua.com\\\/#\\\/schema\\\/person\\\/450d8a0aed043f1b7ae8d2e0e39952a6\",\"name\":\"Mar Ram\u00edrez\",\"image\":{\"@type\":\"ImageObject\",\"inLanguage\":\"en-US\",\"@id\":\"https:\\\/\\\/secure.gravatar.com\\\/avatar\\\/5bedcb7de6a52347e42394dec9ede8930ff08ef7d9b9be9fc5eb0384eed24bb7?s=96&d=mm&r=g\",\"url\":\"https:\\\/\\\/secure.gravatar.com\\\/avatar\\\/5bedcb7de6a52347e42394dec9ede8930ff08ef7d9b9be9fc5eb0384eed24bb7?s=96&d=mm&r=g\",\"contentUrl\":\"https:\\\/\\\/secure.gravatar.com\\\/avatar\\\/5bedcb7de6a52347e42394dec9ede8930ff08ef7d9b9be9fc5eb0384eed24bb7?s=96&d=mm&r=g\",\"caption\":\"Mar Ram\u00edrez\"},\"url\":\"https:\\\/\\\/lifedivaqua.com\\\/en\\\/author\\\/mar_divaqua\\\/\"}]}<\/script>\n<!-- \/ Yoast SEO plugin. -->","yoast_head_json":{"title":"UN A\u00d1O M\u00c1S POR LA CONSERVACI\u00d3N - Mejorando la Diversidad Acuatica en Picos de Europa","description":"En el \u00faltimo a\u00f1o, LIFE DIVAQUA ha avanzado con \u00e9xito en las actuaciones por la mejora y conservaci\u00f3n de la biodiversidad en Picos de Europa.","robots":{"index":"index","follow":"follow","max-snippet":"max-snippet:-1","max-image-preview":"max-image-preview:large","max-video-preview":"max-video-preview:-1"},"canonical":"https:\/\/lifedivaqua.com\/en\/un-ano-mas-por-la-conservacion\/","og_locale":"en_US","og_type":"article","og_title":"UN A\u00d1O M\u00c1S POR LA CONSERVACI\u00d3N - Mejorando la Diversidad Acuatica en Picos de Europa","og_description":"En el \u00faltimo a\u00f1o, LIFE DIVAQUA ha avanzado con \u00e9xito en las actuaciones por la mejora y conservaci\u00f3n de la biodiversidad en Picos de Europa.","og_url":"https:\/\/lifedivaqua.com\/en\/un-ano-mas-por-la-conservacion\/","og_site_name":"Mejorando la Diversidad Acuatica en Picos de Europa","article_published_time":"2022-06-30T07:18:00+00:00","article_modified_time":"2023-02-13T20:15:32+00:00","og_image":[{"width":1499,"height":1199,"url":"https:\/\/lifedivaqua.com\/wp-content\/uploads\/2022\/07\/1657566415570.jpeg","type":"image\/jpeg"}],"author":"Mar Ram\u00edrez","twitter_card":"summary_large_image","twitter_misc":{"Written by":"Mar Ram\u00edrez","Est. reading time":"4 minutes"},"schema":{"@context":"https:\/\/schema.org","@graph":[{"@type":"Article","@id":"https:\/\/lifedivaqua.com\/en\/un-ano-mas-por-la-conservacion\/#article","isPartOf":{"@id":"https:\/\/lifedivaqua.com\/en\/un-ano-mas-por-la-conservacion\/"},"author":{"name":"Mar Ram\u00edrez","@id":"https:\/\/lifedivaqua.com\/#\/schema\/person\/450d8a0aed043f1b7ae8d2e0e39952a6"},"headline":"UN A\u00d1O M\u00c1S POR LA CONSERVACI\u00d3N","datePublished":"2022-06-30T07:18:00+00:00","dateModified":"2023-02-13T20:15:32+00:00","mainEntityOfPage":{"@id":"https:\/\/lifedivaqua.com\/en\/un-ano-mas-por-la-conservacion\/"},"wordCount":857,"commentCount":0,"image":{"@id":"https:\/\/lifedivaqua.com\/en\/un-ano-mas-por-la-conservacion\/#primaryimage"},"thumbnailUrl":"https:\/\/lifedivaqua.com\/wp-content\/uploads\/2022\/07\/1657566415570.jpeg","keywords":["biodiversidad","conservaci\u00f3n","custodia del territorio","Directiva Aves","Directiva H\u00e1bitats","LIFE Divaqua","Picos de Europa","Red Natura 2000","restauraci\u00f3n fluvial"],"articleSection":["Noticias"],"inLanguage":"en-US","potentialAction":[{"@type":"CommentAction","name":"Comment","target":["https:\/\/lifedivaqua.com\/en\/un-ano-mas-por-la-conservacion\/#respond"]}]},{"@type":"WebPage","@id":"https:\/\/lifedivaqua.com\/en\/un-ano-mas-por-la-conservacion\/","url":"https:\/\/lifedivaqua.com\/en\/un-ano-mas-por-la-conservacion\/","name":"UN A\u00d1O M\u00c1S POR LA CONSERVACI\u00d3N - Mejorando la Diversidad Acuatica en Picos de Europa","isPartOf":{"@id":"https:\/\/lifedivaqua.com\/#website"},"primaryImageOfPage":{"@id":"https:\/\/lifedivaqua.com\/en\/un-ano-mas-por-la-conservacion\/#primaryimage"},"image":{"@id":"https:\/\/lifedivaqua.com\/en\/un-ano-mas-por-la-conservacion\/#primaryimage"},"thumbnailUrl":"https:\/\/lifedivaqua.com\/wp-content\/uploads\/2022\/07\/1657566415570.jpeg","datePublished":"2022-06-30T07:18:00+00:00","dateModified":"2023-02-13T20:15:32+00:00","author":{"@id":"https:\/\/lifedivaqua.com\/#\/schema\/person\/450d8a0aed043f1b7ae8d2e0e39952a6"},"description":"En el \u00faltimo a\u00f1o, LIFE DIVAQUA ha avanzado con \u00e9xito en las actuaciones por la mejora y conservaci\u00f3n de la biodiversidad en Picos de Europa.","breadcrumb":{"@id":"https:\/\/lifedivaqua.com\/en\/un-ano-mas-por-la-conservacion\/#breadcrumb"},"inLanguage":"en-US","potentialAction":[{"@type":"ReadAction","target":["https:\/\/lifedivaqua.com\/en\/un-ano-mas-por-la-conservacion\/"]}]},{"@type":"ImageObject","inLanguage":"en-US","@id":"https:\/\/lifedivaqua.com\/en\/un-ano-mas-por-la-conservacion\/#primaryimage","url":"https:\/\/lifedivaqua.com\/wp-content\/uploads\/2022\/07\/1657566415570.jpeg","contentUrl":"https:\/\/lifedivaqua.com\/wp-content\/uploads\/2022\/07\/1657566415570.jpeg","width":1499,"height":1199,"caption":"Nuevos folletos presentados durante jornadas t\u00e9cnicas Junio 2022"},{"@type":"BreadcrumbList","@id":"https:\/\/lifedivaqua.com\/en\/un-ano-mas-por-la-conservacion\/#breadcrumb","itemListElement":[{"@type":"ListItem","position":1,"name":"Home","item":"https:\/\/lifedivaqua.com\/en\/"},{"@type":"ListItem","position":2,"name":"UN A\u00d1O M\u00c1S POR LA CONSERVACI\u00d3N"}]},{"@type":"WebSite","@id":"https:\/\/lifedivaqua.com\/#website","url":"https:\/\/lifedivaqua.com\/","name":"Mejorando la Diversidad Acuatica en Picos de Europa","description":"DIVAQUA","potentialAction":[{"@type":"SearchAction","target":{"@type":"EntryPoint","urlTemplate":"https:\/\/lifedivaqua.com\/?s={search_term_string}"},"query-input":{"@type":"PropertyValueSpecification","valueRequired":true,"valueName":"search_term_string"}}],"inLanguage":"en-US"},{"@type":"Person","@id":"https:\/\/lifedivaqua.com\/#\/schema\/person\/450d8a0aed043f1b7ae8d2e0e39952a6","name":"Mar Ram\u00edrez","image":{"@type":"ImageObject","inLanguage":"en-US","@id":"https:\/\/secure.gravatar.com\/avatar\/5bedcb7de6a52347e42394dec9ede8930ff08ef7d9b9be9fc5eb0384eed24bb7?s=96&d=mm&r=g","url":"https:\/\/secure.gravatar.com\/avatar\/5bedcb7de6a52347e42394dec9ede8930ff08ef7d9b9be9fc5eb0384eed24bb7?s=96&d=mm&r=g","contentUrl":"https:\/\/secure.gravatar.com\/avatar\/5bedcb7de6a52347e42394dec9ede8930ff08ef7d9b9be9fc5eb0384eed24bb7?s=96&d=mm&r=g","caption":"Mar Ram\u00edrez"},"url":"https:\/\/lifedivaqua.com\/en\/author\/mar_divaqua\/"}]}},"_links":{"self":[{"href":"https:\/\/lifedivaqua.com\/en\/wp-json\/wp\/v2\/posts\/1601","targetHints":{"allow":["GET"]}}],"collection":[{"href":"https:\/\/lifedivaqua.com\/en\/wp-json\/wp\/v2\/posts"}],"about":[{"href":"https:\/\/lifedivaqua.com\/en\/wp-json\/wp\/v2\/types\/post"}],"author":[{"embeddable":true,"href":"https:\/\/lifedivaqua.com\/en\/wp-json\/wp\/v2\/users\/3"}],"replies":[{"embeddable":true,"href":"https:\/\/lifedivaqua.com\/en\/wp-json\/wp\/v2\/comments?post=1601"}],"version-history":[{"count":3,"href":"https:\/\/lifedivaqua.com\/en\/wp-json\/wp\/v2\/posts\/1601\/revisions"}],"predecessor-version":[{"id":2258,"href":"https:\/\/lifedivaqua.com\/en\/wp-json\/wp\/v2\/posts\/1601\/revisions\/2258"}],"wp:featuredmedia":[{"embeddable":true,"href":"https:\/\/lifedivaqua.com\/en\/wp-json\/wp\/v2\/media\/1593"}],"wp:attachment":[{"href":"https:\/\/lifedivaqua.com\/en\/wp-json\/wp\/v2\/media?parent=1601"}],"wp:term":[{"taxonomy":"category","embeddable":true,"href":"https:\/\/lifedivaqua.com\/en\/wp-json\/wp\/v2\/categories?post=1601"},{"taxonomy":"post_tag","embeddable":true,"href":"https:\/\/lifedivaqua.com\/en\/wp-json\/wp\/v2\/tags?post=1601"}],"curies":[{"name":"wp","href":"https:\/\/api.w.org\/{rel}","templated":true}]}}