{"id":1591,"date":"2022-06-26T10:29:00","date_gmt":"2022-06-26T09:29:00","guid":{"rendered":"https:\/\/lifedivaqua.com\/peces-de-montana-a-salvo\/"},"modified":"2022-08-01T20:40:40","modified_gmt":"2022-08-01T19:40:40","slug":"peces-de-montana-a-salvo","status":"publish","type":"post","link":"https:\/\/lifedivaqua.com\/en\/peces-de-montana-a-salvo\/","title":{"rendered":"PECES DE MONTA\u00d1A A SALVO"},"content":{"rendered":"\n<h2 class=\"wp-block-heading\"><strong><em>En el IX Congreso de Ictiolog\u00eda SIBIC 2022 celebrado en la ciudad de Oporto a finales de junio, DIVAQUA ha presentado sus avances por la conservaci\u00f3n de las especies pisc\u00edcolas amenazadas y en peligro de extinci\u00f3n de Picos de Europa.<\/em><\/strong><\/h2>\n\n\n\n<p><\/p>\n\n\n\n<p>El mundo cient\u00edfico se ha congregado en la ciudad portuguesa de Oporto del&nbsp; 20 al 23 de junio para presentar los m\u00e1s novedosos estudios y aspectos relacionados con la ciencia pisc\u00edcola en un mundo en proceso de cambio en el <a href=\"https:\/\/sibic2022.com\/\">IX Congreso Ib\u00e9rico de Ictiolog\u00eda<\/a>.<\/p>\n\n\n\n<p>A su vez, la recuperaci\u00f3n de especies de fauna amenazadas y en peligro de extinci\u00f3n es uno de los grandes retos a los que se enfrenta el proyecto LIFE DIVAQUA con el fin de restaurar la biodiversidad en Picos de Europa y entorno en Red Natura 2000. Por ello durante dicho congreso se ha presentado un poster y un resumen sobre las acciones que est\u00e1 llevando a cabo para la conservaci\u00f3n de las especies pisc\u00edcolas de los r\u00edos de monta\u00f1a del parque nacional.<\/p>\n\n\n\n<h3 class=\"wp-block-heading\">Preocupaci\u00f3n por la fauna pisc\u00edcola de monta\u00f1a<\/h3>\n\n\n\n<p>La fragmentaci\u00f3n y degradaci\u00f3n de su h\u00e1bitat, as\u00ed como la presi\u00f3n pesquera y la proliferaci\u00f3n de especies invasoras y pat\u00f3genas, junto a los efectos del cambio clim\u00e1tico, son las amenazas que m\u00e1s gravemente amenazan su subsistencia.<\/p>\n\n\n\n<p>Por esta raz\u00f3n DIVAQUA ha dise\u00f1ado una estrategia de conservaci\u00f3n y planes para la gesti\u00f3n de poblaciones de peces en \u00e1reas de monta\u00f1a.<\/p>\n\n\n\n<p>Apoyada en los datos de monitoreo m\u00e1s recientes aportados por la investigaci\u00f3n cient\u00edfica durante 10 a\u00f1os han servido para identificar las principales amenazas a las que se enfrentan dichas especies.<\/p>\n\n\n\n<p>Integrar esos nuevos conocimientos en la estrategia de conservaci\u00f3n, junto a la m\u00e1s avanzada identificaci\u00f3n de distribuci\u00f3n de especies gracias a la t\u00e9cnica del ADN ambiental o eDNA ha permitido crear mapas de idoneidad con los h\u00e1bitats m\u00e1s favorables para su conservaci\u00f3n.<\/p>\n\n\n\n<h3 class=\"wp-block-heading\">Las \u00faltimas herramientas de conservaci\u00f3n<\/h3>\n\n\n\n<p>La distribuci\u00f3n de los mismos se ha ampliado sustancialmente gracias a las actuaciones que el proyecto est\u00e1 llevando a cabo tales como la mejora de escalas para peces y la eliminaci\u00f3n de azudes que ejerc\u00edan de barreras fluviales.<\/p>\n\n\n\n<p>Asimismo los datos recopilados sobre c\u00f3mo el cambio clim\u00e1tico est\u00e1 afectando a la temperatura y la hidrolog\u00eda de los r\u00edos y arroyos de monta\u00f1a ha permitido implementar el conocimiento de los caudales ambientales sometidos a un escenario en cambio.<\/p>\n\n\n\n<h2 class=\"wp-block-heading\">Los peces necesitan implicaci\u00f3n social<\/h2>\n\n\n\n<p>Los resultados se muestran prometedores pero, para lograr el \u00e9xito de conservaci\u00f3n perseguido, a\u00fan se requiere un enfoque m\u00e1s amplio que implique a una vasta red de agentes socioecon\u00f3micos y partes interesadas. As\u00ed como la incorporaci\u00f3n de nuevos estudios cient\u00edficos a las medidas definitivas a tomar para lograr una conservaci\u00f3n exitosa de las especies pisc\u00edcolas de monta\u00f1a.<\/p>\n\n\n\n<p>El proyecto europeo <strong>LIFE18 NAT\/ES\/000121 DIVAQUA <\/strong>est\u00e1 coordinado por la&nbsp;<a href=\"https:\/\/web.unican.es\/\" target=\"_blank\" rel=\"noreferrer noopener\">Universidad de Cantabria&nbsp;<\/a>a trav\u00e9s del&nbsp;Instituto de Hidr\u00e1ulica Ambiental. Cuenta con la contribuci\u00f3n financiera del Programa LIFE de la Uni\u00f3n Europea y lo cofinancia la&nbsp;<a href=\"https:\/\/www.cantabria.es\/web\/consejeria-de-desarrollo-rural-ganaderia-pesca-y-biodiversidad\" target=\"_blank\" rel=\"noreferrer noopener\">Consejer\u00eda de Desarrollo Rural, Ganader\u00eda, Pesca, Alimentaci\u00f3n y Medio Ambiente del Gobierno de Cantabria<\/a>.<\/p>\n\n\n\n<p>Son socios beneficiarios del proyecto <a href=\"https:\/\/redcambera.org\/\" target=\"_blank\" rel=\"noreferrer noopener\">Red Cambera<\/a>, el&nbsp;<a href=\"https:\/\/www.csic.es\/\" target=\"_blank\" rel=\"noreferrer noopener\">Consejo Superior de Investigaciones Cient\u00edficas (CSIC)<\/a>, el <a href=\"https:\/\/www.itagra.com\/\">Centro Tecnol\u00f3gico Agrario y Agroalimentario Itagra.CT<\/a>,&nbsp;<a href=\"https:\/\/www.repsol.es\/es\/index.cshtml\" target=\"_blank\" rel=\"noreferrer noopener\">Repsol<\/a>,&nbsp;<a href=\"https:\/\/fundacionih.es\/\" target=\"_blank\" rel=\"noreferrer noopener\">la Fundaci\u00f3n Instituto de Hidr\u00e1ulica Ambiental Cantabria&nbsp;<\/a>y los Gobiernos auton\u00f3micos del&nbsp;<a href=\"http:\/\/movil.asturias.es\/\" target=\"_blank\" rel=\"noreferrer noopener\">Principado de Asturias<\/a>&nbsp;y la&nbsp;<a href=\"https:\/\/www.jcyl.es\/\">Junta de Castilla y Le\u00f3n<\/a>,<\/p>\n","protected":false},"excerpt":{"rendered":"<p>En el IX Congreso de Ictiolog\u00eda SIBIC 2022 celebrado en la ciudad de Oporto a finales de junio, DIVAQUA ha presentado sus avances por la conservaci\u00f3n de las especies pisc\u00edcolas amenazadas y en peligro de extinci\u00f3n de Picos de Europa. El mundo cient\u00edfico se ha&#8230;<\/p>\n","protected":false},"author":3,"featured_media":1588,"comment_status":"open","ping_status":"closed","sticky":false,"template":"","format":"standard","meta":{"footnotes":""},"categories":[31],"tags":[35,34,328,148,329,32,330,33,150],"class_list":["post-1591","post","type-post","status-publish","format-standard","has-post-thumbnail","hentry","category-noticias-en","tag-biodiversidad-en","tag-conservacion-en","tag-especies-amenazadas-en","tag-fauna-en","tag-ictiologia-en","tag-life-divaqua-en","tag-peces-en","tag-picos-de-europa-en","tag-red-natura-2000-en"],"yoast_head":"<!-- This site is optimized with the Yoast SEO plugin v27.4 - https:\/\/yoast.com\/product\/yoast-seo-wordpress\/ -->\n<title>PECES DE MONTA\u00d1A A SALVO - Mejorando la Diversidad Acuatica en Picos de Europa<\/title>\n<meta name=\"description\" content=\"La participaci\u00f3n de LIFE DIVAQUA en el Congreso de Ictiolog\u00eda SIBIC 2022 expone las actuaciones en marcha para la fauna pisc\u00edcola amenazada.\" \/>\n<meta name=\"robots\" content=\"index, follow, max-snippet:-1, max-image-preview:large, max-video-preview:-1\" \/>\n<link rel=\"canonical\" href=\"https:\/\/lifedivaqua.com\/en\/peces-de-montana-a-salvo\/\" \/>\n<meta property=\"og:locale\" content=\"en_US\" \/>\n<meta property=\"og:type\" content=\"article\" \/>\n<meta property=\"og:title\" content=\"PECES DE MONTA\u00d1A A SALVO - Mejorando la Diversidad Acuatica en Picos de Europa\" \/>\n<meta property=\"og:description\" content=\"La participaci\u00f3n de LIFE DIVAQUA en el Congreso de Ictiolog\u00eda SIBIC 2022 expone las actuaciones en marcha para la fauna pisc\u00edcola amenazada.\" \/>\n<meta property=\"og:url\" content=\"https:\/\/lifedivaqua.com\/en\/peces-de-montana-a-salvo\/\" \/>\n<meta property=\"og:site_name\" content=\"Mejorando la Diversidad Acuatica en Picos de Europa\" \/>\n<meta property=\"article:published_time\" content=\"2022-06-26T09:29:00+00:00\" \/>\n<meta property=\"article:modified_time\" content=\"2022-08-01T19:40:40+00:00\" \/>\n<meta property=\"og:image\" content=\"https:\/\/lifedivaqua.com\/wp-content\/uploads\/2022\/07\/SIBIC-2022_LIFE-DIVAQUA.jpeg\" \/>\n\t<meta property=\"og:image:width\" content=\"1537\" \/>\n\t<meta property=\"og:image:height\" content=\"1548\" \/>\n\t<meta property=\"og:image:type\" content=\"image\/jpeg\" \/>\n<meta name=\"author\" content=\"Mar Ram\u00edrez\" \/>\n<meta name=\"twitter:card\" content=\"summary_large_image\" \/>\n<meta name=\"twitter:label1\" content=\"Written by\" \/>\n\t<meta name=\"twitter:data1\" content=\"Mar Ram\u00edrez\" \/>\n\t<meta name=\"twitter:label2\" content=\"Est. reading time\" \/>\n\t<meta name=\"twitter:data2\" content=\"3 minutes\" \/>\n<script type=\"application\/ld+json\" class=\"yoast-schema-graph\">{\"@context\":\"https:\\\/\\\/schema.org\",\"@graph\":[{\"@type\":\"Article\",\"@id\":\"https:\\\/\\\/lifedivaqua.com\\\/en\\\/peces-de-montana-a-salvo\\\/#article\",\"isPartOf\":{\"@id\":\"https:\\\/\\\/lifedivaqua.com\\\/en\\\/peces-de-montana-a-salvo\\\/\"},\"author\":{\"name\":\"Mar Ram\u00edrez\",\"@id\":\"https:\\\/\\\/lifedivaqua.com\\\/#\\\/schema\\\/person\\\/450d8a0aed043f1b7ae8d2e0e39952a6\"},\"headline\":\"PECES DE MONTA\u00d1A A SALVO\",\"datePublished\":\"2022-06-26T09:29:00+00:00\",\"dateModified\":\"2022-08-01T19:40:40+00:00\",\"mainEntityOfPage\":{\"@id\":\"https:\\\/\\\/lifedivaqua.com\\\/en\\\/peces-de-montana-a-salvo\\\/\"},\"wordCount\":634,\"commentCount\":0,\"image\":{\"@id\":\"https:\\\/\\\/lifedivaqua.com\\\/en\\\/peces-de-montana-a-salvo\\\/#primaryimage\"},\"thumbnailUrl\":\"https:\\\/\\\/lifedivaqua.com\\\/wp-content\\\/uploads\\\/2022\\\/07\\\/SIBIC-2022_LIFE-DIVAQUA.jpeg\",\"keywords\":[\"biodiversidad\",\"conservaci\u00f3n\",\"especies amenazadas\",\"fauna\",\"ictiologia\",\"LIFE Divaqua\",\"peces\",\"Picos de Europa\",\"Red Natura 2000\"],\"articleSection\":[\"Noticias\"],\"inLanguage\":\"en-US\",\"potentialAction\":[{\"@type\":\"CommentAction\",\"name\":\"Comment\",\"target\":[\"https:\\\/\\\/lifedivaqua.com\\\/en\\\/peces-de-montana-a-salvo\\\/#respond\"]}]},{\"@type\":\"WebPage\",\"@id\":\"https:\\\/\\\/lifedivaqua.com\\\/en\\\/peces-de-montana-a-salvo\\\/\",\"url\":\"https:\\\/\\\/lifedivaqua.com\\\/en\\\/peces-de-montana-a-salvo\\\/\",\"name\":\"PECES DE MONTA\u00d1A A SALVO - Mejorando la Diversidad Acuatica en Picos de Europa\",\"isPartOf\":{\"@id\":\"https:\\\/\\\/lifedivaqua.com\\\/#website\"},\"primaryImageOfPage\":{\"@id\":\"https:\\\/\\\/lifedivaqua.com\\\/en\\\/peces-de-montana-a-salvo\\\/#primaryimage\"},\"image\":{\"@id\":\"https:\\\/\\\/lifedivaqua.com\\\/en\\\/peces-de-montana-a-salvo\\\/#primaryimage\"},\"thumbnailUrl\":\"https:\\\/\\\/lifedivaqua.com\\\/wp-content\\\/uploads\\\/2022\\\/07\\\/SIBIC-2022_LIFE-DIVAQUA.jpeg\",\"datePublished\":\"2022-06-26T09:29:00+00:00\",\"dateModified\":\"2022-08-01T19:40:40+00:00\",\"author\":{\"@id\":\"https:\\\/\\\/lifedivaqua.com\\\/#\\\/schema\\\/person\\\/450d8a0aed043f1b7ae8d2e0e39952a6\"},\"description\":\"La participaci\u00f3n de LIFE DIVAQUA en el Congreso de Ictiolog\u00eda SIBIC 2022 expone las actuaciones en marcha para la fauna pisc\u00edcola amenazada.\",\"breadcrumb\":{\"@id\":\"https:\\\/\\\/lifedivaqua.com\\\/en\\\/peces-de-montana-a-salvo\\\/#breadcrumb\"},\"inLanguage\":\"en-US\",\"potentialAction\":[{\"@type\":\"ReadAction\",\"target\":[\"https:\\\/\\\/lifedivaqua.com\\\/en\\\/peces-de-montana-a-salvo\\\/\"]}]},{\"@type\":\"ImageObject\",\"inLanguage\":\"en-US\",\"@id\":\"https:\\\/\\\/lifedivaqua.com\\\/en\\\/peces-de-montana-a-salvo\\\/#primaryimage\",\"url\":\"https:\\\/\\\/lifedivaqua.com\\\/wp-content\\\/uploads\\\/2022\\\/07\\\/SIBIC-2022_LIFE-DIVAQUA.jpeg\",\"contentUrl\":\"https:\\\/\\\/lifedivaqua.com\\\/wp-content\\\/uploads\\\/2022\\\/07\\\/SIBIC-2022_LIFE-DIVAQUA.jpeg\",\"width\":1537,\"height\":1548,\"caption\":\"Participaci\u00f3n DIVAQUA en IX Congreso de Ictiolog\u00eda SIBIC 2022\"},{\"@type\":\"BreadcrumbList\",\"@id\":\"https:\\\/\\\/lifedivaqua.com\\\/en\\\/peces-de-montana-a-salvo\\\/#breadcrumb\",\"itemListElement\":[{\"@type\":\"ListItem\",\"position\":1,\"name\":\"Home\",\"item\":\"https:\\\/\\\/lifedivaqua.com\\\/en\\\/\"},{\"@type\":\"ListItem\",\"position\":2,\"name\":\"PECES DE MONTA\u00d1A A SALVO\"}]},{\"@type\":\"WebSite\",\"@id\":\"https:\\\/\\\/lifedivaqua.com\\\/#website\",\"url\":\"https:\\\/\\\/lifedivaqua.com\\\/\",\"name\":\"Mejorando la Diversidad Acuatica en Picos de Europa\",\"description\":\"DIVAQUA\",\"potentialAction\":[{\"@type\":\"SearchAction\",\"target\":{\"@type\":\"EntryPoint\",\"urlTemplate\":\"https:\\\/\\\/lifedivaqua.com\\\/?s={search_term_string}\"},\"query-input\":{\"@type\":\"PropertyValueSpecification\",\"valueRequired\":true,\"valueName\":\"search_term_string\"}}],\"inLanguage\":\"en-US\"},{\"@type\":\"Person\",\"@id\":\"https:\\\/\\\/lifedivaqua.com\\\/#\\\/schema\\\/person\\\/450d8a0aed043f1b7ae8d2e0e39952a6\",\"name\":\"Mar Ram\u00edrez\",\"image\":{\"@type\":\"ImageObject\",\"inLanguage\":\"en-US\",\"@id\":\"https:\\\/\\\/secure.gravatar.com\\\/avatar\\\/5bedcb7de6a52347e42394dec9ede8930ff08ef7d9b9be9fc5eb0384eed24bb7?s=96&d=mm&r=g\",\"url\":\"https:\\\/\\\/secure.gravatar.com\\\/avatar\\\/5bedcb7de6a52347e42394dec9ede8930ff08ef7d9b9be9fc5eb0384eed24bb7?s=96&d=mm&r=g\",\"contentUrl\":\"https:\\\/\\\/secure.gravatar.com\\\/avatar\\\/5bedcb7de6a52347e42394dec9ede8930ff08ef7d9b9be9fc5eb0384eed24bb7?s=96&d=mm&r=g\",\"caption\":\"Mar Ram\u00edrez\"},\"url\":\"https:\\\/\\\/lifedivaqua.com\\\/en\\\/author\\\/mar_divaqua\\\/\"}]}<\/script>\n<!-- \/ Yoast SEO plugin. -->","yoast_head_json":{"title":"PECES DE MONTA\u00d1A A SALVO - Mejorando la Diversidad Acuatica en Picos de Europa","description":"La participaci\u00f3n de LIFE DIVAQUA en el Congreso de Ictiolog\u00eda SIBIC 2022 expone las actuaciones en marcha para la fauna pisc\u00edcola amenazada.","robots":{"index":"index","follow":"follow","max-snippet":"max-snippet:-1","max-image-preview":"max-image-preview:large","max-video-preview":"max-video-preview:-1"},"canonical":"https:\/\/lifedivaqua.com\/en\/peces-de-montana-a-salvo\/","og_locale":"en_US","og_type":"article","og_title":"PECES DE MONTA\u00d1A A SALVO - Mejorando la Diversidad Acuatica en Picos de Europa","og_description":"La participaci\u00f3n de LIFE DIVAQUA en el Congreso de Ictiolog\u00eda SIBIC 2022 expone las actuaciones en marcha para la fauna pisc\u00edcola amenazada.","og_url":"https:\/\/lifedivaqua.com\/en\/peces-de-montana-a-salvo\/","og_site_name":"Mejorando la Diversidad Acuatica en Picos de Europa","article_published_time":"2022-06-26T09:29:00+00:00","article_modified_time":"2022-08-01T19:40:40+00:00","og_image":[{"width":1537,"height":1548,"url":"https:\/\/lifedivaqua.com\/wp-content\/uploads\/2022\/07\/SIBIC-2022_LIFE-DIVAQUA.jpeg","type":"image\/jpeg"}],"author":"Mar Ram\u00edrez","twitter_card":"summary_large_image","twitter_misc":{"Written by":"Mar Ram\u00edrez","Est. reading time":"3 minutes"},"schema":{"@context":"https:\/\/schema.org","@graph":[{"@type":"Article","@id":"https:\/\/lifedivaqua.com\/en\/peces-de-montana-a-salvo\/#article","isPartOf":{"@id":"https:\/\/lifedivaqua.com\/en\/peces-de-montana-a-salvo\/"},"author":{"name":"Mar Ram\u00edrez","@id":"https:\/\/lifedivaqua.com\/#\/schema\/person\/450d8a0aed043f1b7ae8d2e0e39952a6"},"headline":"PECES DE MONTA\u00d1A A SALVO","datePublished":"2022-06-26T09:29:00+00:00","dateModified":"2022-08-01T19:40:40+00:00","mainEntityOfPage":{"@id":"https:\/\/lifedivaqua.com\/en\/peces-de-montana-a-salvo\/"},"wordCount":634,"commentCount":0,"image":{"@id":"https:\/\/lifedivaqua.com\/en\/peces-de-montana-a-salvo\/#primaryimage"},"thumbnailUrl":"https:\/\/lifedivaqua.com\/wp-content\/uploads\/2022\/07\/SIBIC-2022_LIFE-DIVAQUA.jpeg","keywords":["biodiversidad","conservaci\u00f3n","especies amenazadas","fauna","ictiologia","LIFE Divaqua","peces","Picos de Europa","Red Natura 2000"],"articleSection":["Noticias"],"inLanguage":"en-US","potentialAction":[{"@type":"CommentAction","name":"Comment","target":["https:\/\/lifedivaqua.com\/en\/peces-de-montana-a-salvo\/#respond"]}]},{"@type":"WebPage","@id":"https:\/\/lifedivaqua.com\/en\/peces-de-montana-a-salvo\/","url":"https:\/\/lifedivaqua.com\/en\/peces-de-montana-a-salvo\/","name":"PECES DE MONTA\u00d1A A SALVO - Mejorando la Diversidad Acuatica en Picos de Europa","isPartOf":{"@id":"https:\/\/lifedivaqua.com\/#website"},"primaryImageOfPage":{"@id":"https:\/\/lifedivaqua.com\/en\/peces-de-montana-a-salvo\/#primaryimage"},"image":{"@id":"https:\/\/lifedivaqua.com\/en\/peces-de-montana-a-salvo\/#primaryimage"},"thumbnailUrl":"https:\/\/lifedivaqua.com\/wp-content\/uploads\/2022\/07\/SIBIC-2022_LIFE-DIVAQUA.jpeg","datePublished":"2022-06-26T09:29:00+00:00","dateModified":"2022-08-01T19:40:40+00:00","author":{"@id":"https:\/\/lifedivaqua.com\/#\/schema\/person\/450d8a0aed043f1b7ae8d2e0e39952a6"},"description":"La participaci\u00f3n de LIFE DIVAQUA en el Congreso de Ictiolog\u00eda SIBIC 2022 expone las actuaciones en marcha para la fauna pisc\u00edcola amenazada.","breadcrumb":{"@id":"https:\/\/lifedivaqua.com\/en\/peces-de-montana-a-salvo\/#breadcrumb"},"inLanguage":"en-US","potentialAction":[{"@type":"ReadAction","target":["https:\/\/lifedivaqua.com\/en\/peces-de-montana-a-salvo\/"]}]},{"@type":"ImageObject","inLanguage":"en-US","@id":"https:\/\/lifedivaqua.com\/en\/peces-de-montana-a-salvo\/#primaryimage","url":"https:\/\/lifedivaqua.com\/wp-content\/uploads\/2022\/07\/SIBIC-2022_LIFE-DIVAQUA.jpeg","contentUrl":"https:\/\/lifedivaqua.com\/wp-content\/uploads\/2022\/07\/SIBIC-2022_LIFE-DIVAQUA.jpeg","width":1537,"height":1548,"caption":"Participaci\u00f3n DIVAQUA en IX Congreso de Ictiolog\u00eda SIBIC 2022"},{"@type":"BreadcrumbList","@id":"https:\/\/lifedivaqua.com\/en\/peces-de-montana-a-salvo\/#breadcrumb","itemListElement":[{"@type":"ListItem","position":1,"name":"Home","item":"https:\/\/lifedivaqua.com\/en\/"},{"@type":"ListItem","position":2,"name":"PECES DE MONTA\u00d1A A SALVO"}]},{"@type":"WebSite","@id":"https:\/\/lifedivaqua.com\/#website","url":"https:\/\/lifedivaqua.com\/","name":"Mejorando la Diversidad Acuatica en Picos de Europa","description":"DIVAQUA","potentialAction":[{"@type":"SearchAction","target":{"@type":"EntryPoint","urlTemplate":"https:\/\/lifedivaqua.com\/?s={search_term_string}"},"query-input":{"@type":"PropertyValueSpecification","valueRequired":true,"valueName":"search_term_string"}}],"inLanguage":"en-US"},{"@type":"Person","@id":"https:\/\/lifedivaqua.com\/#\/schema\/person\/450d8a0aed043f1b7ae8d2e0e39952a6","name":"Mar Ram\u00edrez","image":{"@type":"ImageObject","inLanguage":"en-US","@id":"https:\/\/secure.gravatar.com\/avatar\/5bedcb7de6a52347e42394dec9ede8930ff08ef7d9b9be9fc5eb0384eed24bb7?s=96&d=mm&r=g","url":"https:\/\/secure.gravatar.com\/avatar\/5bedcb7de6a52347e42394dec9ede8930ff08ef7d9b9be9fc5eb0384eed24bb7?s=96&d=mm&r=g","contentUrl":"https:\/\/secure.gravatar.com\/avatar\/5bedcb7de6a52347e42394dec9ede8930ff08ef7d9b9be9fc5eb0384eed24bb7?s=96&d=mm&r=g","caption":"Mar Ram\u00edrez"},"url":"https:\/\/lifedivaqua.com\/en\/author\/mar_divaqua\/"}]}},"_links":{"self":[{"href":"https:\/\/lifedivaqua.com\/en\/wp-json\/wp\/v2\/posts\/1591","targetHints":{"allow":["GET"]}}],"collection":[{"href":"https:\/\/lifedivaqua.com\/en\/wp-json\/wp\/v2\/posts"}],"about":[{"href":"https:\/\/lifedivaqua.com\/en\/wp-json\/wp\/v2\/types\/post"}],"author":[{"embeddable":true,"href":"https:\/\/lifedivaqua.com\/en\/wp-json\/wp\/v2\/users\/3"}],"replies":[{"embeddable":true,"href":"https:\/\/lifedivaqua.com\/en\/wp-json\/wp\/v2\/comments?post=1591"}],"version-history":[{"count":1,"href":"https:\/\/lifedivaqua.com\/en\/wp-json\/wp\/v2\/posts\/1591\/revisions"}],"predecessor-version":[{"id":1664,"href":"https:\/\/lifedivaqua.com\/en\/wp-json\/wp\/v2\/posts\/1591\/revisions\/1664"}],"wp:featuredmedia":[{"embeddable":true,"href":"https:\/\/lifedivaqua.com\/en\/wp-json\/wp\/v2\/media\/1588"}],"wp:attachment":[{"href":"https:\/\/lifedivaqua.com\/en\/wp-json\/wp\/v2\/media?parent=1591"}],"wp:term":[{"taxonomy":"category","embeddable":true,"href":"https:\/\/lifedivaqua.com\/en\/wp-json\/wp\/v2\/categories?post=1591"},{"taxonomy":"post_tag","embeddable":true,"href":"https:\/\/lifedivaqua.com\/en\/wp-json\/wp\/v2\/tags?post=1591"}],"curies":[{"name":"wp","href":"https:\/\/api.w.org\/{rel}","templated":true}]}}