{"id":1433,"date":"2022-03-03T19:57:25","date_gmt":"2022-03-03T18:57:25","guid":{"rendered":"https:\/\/lifedivaqua.com\/?p=1433"},"modified":"2022-08-01T20:47:43","modified_gmt":"2022-08-01T19:47:43","slug":"12-marzo-vamos-a-limpiar-el-rio-casano","status":"publish","type":"post","link":"https:\/\/lifedivaqua.com\/en\/12-marzo-vamos-a-limpiar-el-rio-casano\/","title":{"rendered":"12 MARZO, VAMOS A LIMPIAR EL R\u00cdO CASA\u00d1O"},"content":{"rendered":"\n<h2 class=\"wp-block-heading\"><strong><em><strong><em>Por iniciativa vecinal, el s\u00e1bado 12 de marzo, se va a desarrollar una jornada de voluntariado ambiental para limpiar el r\u00edo Casa\u00f1o a su paso por Poo &nbsp;de Cabrales.<\/em><\/strong><\/em><\/strong><\/h2>\n\n\n\n<p>El r\u00edo Casa\u00f1o al atravesar el concejo de Cabrales es el causante de la abrupta geograf\u00eda del territorio que sit\u00faa al municipio entre los m\u00e1s quebrados de Asturias al crear un profundo desfiladero. Lo recorre hasta que sus fr\u00edas aguas, que tanto frecuentan las truchas, se encuentran con el r\u00edo Cares.<\/p>\n\n\n\n<p>Sus m\u00e1rgenes con el bosque de ribera que las cubre han sufrido una acumulaci\u00f3n ingente de residuos debido a las crecidas de los \u00faltimos meses. Su actual estado se ha convertido en preocupaci\u00f3n para los vecinos y por ello han lanzado una convocatoria para realizar una jornada de limpieza vecinal del r\u00edo a su paso por su&nbsp; pueblo.<\/p>\n\n\n\n<p>Los vecinos sensibilizados con su entorno natural, adem\u00e1s de contar con la implicaci\u00f3n de LIFE DIVAQUA, disponen del apoyo del <a href=\"https:\/\/www.cabrales.es\/\">Ayuntamiento de Cabrales<\/a>, del <a href=\"https:\/\/www.cogersa.es\/metaspace\/portal\/14498\/14519-inicio\">Consorcio para la Gesti\u00f3n de los Residuos S\u00f3lidos en Asturias<\/a> (COGERSA) y de la <a href=\"https:\/\/www.facebook.com\/destinocabrales\/\">Asociaci\u00f3n Cabraliega de Turismo<\/a> (Destino Cabrales).<\/p>\n\n\n\n<h3 class=\"wp-block-heading\"><strong>El compromiso vecinal por un r\u00edo saludable<\/strong><\/h3>\n\n\n\n<p>Todas las personas que decidan participar han de inscribirse previamente en el siguiente <a href=\"https:\/\/forms.gle\/MjtxgTmuJYVGFxjX6\">formulario<\/a>.<\/p>\n\n\n\n<p>El punto de encuentro ser\u00e1 el <strong>parque de Poo de Cabrales<\/strong> el <strong>s\u00e1bado 12 de marzo del 2022<\/strong>. Ser\u00e1 desde donde se organizar\u00e1 la actividad de voluntariado ambiental en grupos que comenzar\u00e1 a las <strong>11 horas<\/strong> y se extender\u00e1 hasta las <strong>14 horas<\/strong>.<\/p>\n\n\n\n<p>Se recomienda llevar ropa c\u00f3moda de trabajo, as\u00ed como calzado adecuado para caminar por la ribera fluvial y estar en contacto con el agua. Las labores de limpieza implicar\u00e1n la retirada manual de todos los residuos que se encuentren en las m\u00e1rgenes fluviales y \u00fanicamente se utilizar\u00e1n herramientas de mano.<\/p>\n\n\n\n<p>Las entidades colaboradoras proporcionar\u00e1n guantes y sacos a todas las personas voluntarias para la retirada de residuos, as\u00ed como instalar\u00e1n un contenedor para proceder posteriormente a la correcta retirada y gesti\u00f3n de dichos residuos.<\/p>\n\n\n\n<h3 class=\"wp-block-heading\"><strong>Celebrar el trabajo medioambiental<\/strong><\/h3>\n\n\n\n<p>Una iniciativa popular para trabajar codo con codo por un r\u00edo limpio y en buen estado ambiental que ser\u00e1 coordinada por el proyecto LIFE DIVAQUA y se enmarca en las actuaciones para promover la participaci\u00f3n ciudadana. Despu\u00e9s del esfuerzo de los participantes, la jornada culminar\u00e1 con un pincheo y animaci\u00f3n de gaitero.<\/p>\n\n\n\n<p>El proyecto europeo <strong>LIFE18 NAT\/ES\/000121 DIVAQUA <\/strong>est\u00e1 coordinado por la&nbsp;<a href=\"https:\/\/web.unican.es\/\" target=\"_blank\" rel=\"noreferrer noopener\">Universidad de Cantabria&nbsp;<\/a>a trav\u00e9s del&nbsp;Instituto de Hidr\u00e1ulica Ambiental. Cuenta con la contribuci\u00f3n financiera del Programa LIFE de la Uni\u00f3n Europea y lo cofinancian la&nbsp;<a href=\"https:\/\/www.cantabria.es\/web\/consejeria-de-desarrollo-rural-ganaderia-pesca-y-biodiversidad\" target=\"_blank\" rel=\"noreferrer noopener\">Consejer\u00eda de Desarrollo Rural, Ganader\u00eda, Pesca, Alimentaci\u00f3n y Medio Ambiente del Gobierno de Cantabria<\/a>&nbsp;y&nbsp;<a href=\"https:\/\/www.navarrosic.com\/\" target=\"_blank\" rel=\"noreferrer noopener\">Navarro Generaci\u00f3n<\/a>.<\/p>\n\n\n\n<p>Son socios beneficiarios del proyecto <a href=\"https:\/\/redcambera.org\/\" target=\"_blank\" rel=\"noreferrer noopener\">Red Cambera<\/a>, el&nbsp;<a href=\"https:\/\/www.csic.es\/\" target=\"_blank\" rel=\"noreferrer noopener\">Consejo Superior de Investigaciones Cient\u00edficas (CSIC)<\/a>, el <a href=\"https:\/\/www.itagra.com\/\">Centro Tecnol\u00f3gico Agrario y Agroalimentario Itagra.CT<\/a>,&nbsp;<a href=\"https:\/\/www.repsol.es\/es\/index.cshtml\" target=\"_blank\" rel=\"noreferrer noopener\">Repsol<\/a>,&nbsp;<a href=\"https:\/\/fundacionih.es\/\" target=\"_blank\" rel=\"noreferrer noopener\">la Fundaci\u00f3n Instituto de Hidr\u00e1ulica Ambiental Cantabria&nbsp;<\/a>y los Gobiernos auton\u00f3micos del&nbsp;<a href=\"http:\/\/movil.asturias.es\/\" target=\"_blank\" rel=\"noreferrer noopener\">Principado de Asturias<\/a>&nbsp;y la&nbsp;<a href=\"https:\/\/www.jcyl.es\/\">Junta de Castilla y Le\u00f3n<\/a>,<\/p>\n","protected":false},"excerpt":{"rendered":"<p>Por iniciativa vecinal, el s\u00e1bado 12 de marzo, se va a desarrollar una jornada de voluntariado ambiental para limpiar el r\u00edo Casa\u00f1o a su paso por Poo &nbsp;de Cabrales. El r\u00edo Casa\u00f1o al atravesar el concejo de Cabrales es el causante de la abrupta geograf\u00eda&#8230;<\/p>\n","protected":false},"author":3,"featured_media":1448,"comment_status":"open","ping_status":"closed","sticky":false,"template":"","format":"standard","meta":{"footnotes":""},"categories":[31],"tags":[221,289,36,288,32,105,33,106,142,290],"class_list":["post-1433","post","type-post","status-publish","format-standard","has-post-thumbnail","hentry","category-noticias-en","tag-asturias-2-en","tag-concejo-de-cabrales-en","tag-ecosistemas-acuaticos-en","tag-jornada-medioambiental-en","tag-life-divaqua-en","tag-participacion-en","tag-picos-de-europa-en","tag-programa-life-en","tag-rios-en","tag-voluntariado-en"],"yoast_head":"<!-- This site is optimized with the Yoast SEO plugin v27.4 - https:\/\/yoast.com\/product\/yoast-seo-wordpress\/ -->\n<title>12 MARZO, VAMOS A LIMPIAR EL R\u00cdO CASA\u00d1O - Mejorando la Diversidad Acuatica en Picos de Europa<\/title>\n<meta name=\"description\" content=\"S\u00e1bado 12 de marzo se desarrollar\u00e1 niciativa vecinal para limpiar las m\u00e1rgenes fluviales del r\u00edo Casa\u00f1o a su paso por el concejo de Cabrales.\" \/>\n<meta name=\"robots\" content=\"index, follow, max-snippet:-1, max-image-preview:large, max-video-preview:-1\" \/>\n<link rel=\"canonical\" href=\"https:\/\/lifedivaqua.com\/en\/12-marzo-vamos-a-limpiar-el-rio-casano\/\" \/>\n<meta property=\"og:locale\" content=\"en_US\" \/>\n<meta property=\"og:type\" content=\"article\" \/>\n<meta property=\"og:title\" content=\"12 MARZO, VAMOS A LIMPIAR EL R\u00cdO CASA\u00d1O - Mejorando la Diversidad Acuatica en Picos de Europa\" \/>\n<meta property=\"og:description\" content=\"S\u00e1bado 12 de marzo se desarrollar\u00e1 niciativa vecinal para limpiar las m\u00e1rgenes fluviales del r\u00edo Casa\u00f1o a su paso por el concejo de Cabrales.\" \/>\n<meta property=\"og:url\" content=\"https:\/\/lifedivaqua.com\/en\/12-marzo-vamos-a-limpiar-el-rio-casano\/\" \/>\n<meta property=\"og:site_name\" content=\"Mejorando la Diversidad Acuatica en Picos de Europa\" \/>\n<meta property=\"article:published_time\" content=\"2022-03-03T18:57:25+00:00\" \/>\n<meta property=\"article:modified_time\" content=\"2022-08-01T19:47:43+00:00\" \/>\n<meta property=\"og:image\" content=\"https:\/\/lifedivaqua.com\/wp-content\/uploads\/2022\/03\/Jornada-vecinal-limpieza-rio-Casano_12032022-scaled.jpg\" \/>\n\t<meta property=\"og:image:width\" content=\"1810\" \/>\n\t<meta property=\"og:image:height\" content=\"2560\" \/>\n\t<meta property=\"og:image:type\" content=\"image\/jpeg\" \/>\n<meta name=\"author\" content=\"Mar Ram\u00edrez\" \/>\n<meta name=\"twitter:card\" content=\"summary_large_image\" \/>\n<meta name=\"twitter:label1\" content=\"Written by\" \/>\n\t<meta name=\"twitter:data1\" content=\"Mar Ram\u00edrez\" \/>\n\t<meta name=\"twitter:label2\" content=\"Est. reading time\" \/>\n\t<meta name=\"twitter:data2\" content=\"3 minutes\" \/>\n<script type=\"application\/ld+json\" class=\"yoast-schema-graph\">{\"@context\":\"https:\\\/\\\/schema.org\",\"@graph\":[{\"@type\":\"Article\",\"@id\":\"https:\\\/\\\/lifedivaqua.com\\\/en\\\/12-marzo-vamos-a-limpiar-el-rio-casano\\\/#article\",\"isPartOf\":{\"@id\":\"https:\\\/\\\/lifedivaqua.com\\\/en\\\/12-marzo-vamos-a-limpiar-el-rio-casano\\\/\"},\"author\":{\"name\":\"Mar Ram\u00edrez\",\"@id\":\"https:\\\/\\\/lifedivaqua.com\\\/#\\\/schema\\\/person\\\/450d8a0aed043f1b7ae8d2e0e39952a6\"},\"headline\":\"12 MARZO, VAMOS A LIMPIAR EL R\u00cdO CASA\u00d1O\",\"datePublished\":\"2022-03-03T18:57:25+00:00\",\"dateModified\":\"2022-08-01T19:47:43+00:00\",\"mainEntityOfPage\":{\"@id\":\"https:\\\/\\\/lifedivaqua.com\\\/en\\\/12-marzo-vamos-a-limpiar-el-rio-casano\\\/\"},\"wordCount\":550,\"commentCount\":0,\"image\":{\"@id\":\"https:\\\/\\\/lifedivaqua.com\\\/en\\\/12-marzo-vamos-a-limpiar-el-rio-casano\\\/#primaryimage\"},\"thumbnailUrl\":\"https:\\\/\\\/lifedivaqua.com\\\/wp-content\\\/uploads\\\/2022\\\/03\\\/Jornada-vecinal-limpieza-rio-Casano_12032022-scaled.jpg\",\"keywords\":[\"asturias\",\"concejo de cabrales\",\"ecosistemas acu\u00e1ticos\",\"jornada medioambiental\",\"LIFE Divaqua\",\"participaci\u00f3n\",\"Picos de Europa\",\"programa LIFE\",\"r\u00edos\",\"voluntariado\"],\"articleSection\":[\"Noticias\"],\"inLanguage\":\"en-US\",\"potentialAction\":[{\"@type\":\"CommentAction\",\"name\":\"Comment\",\"target\":[\"https:\\\/\\\/lifedivaqua.com\\\/en\\\/12-marzo-vamos-a-limpiar-el-rio-casano\\\/#respond\"]}]},{\"@type\":\"WebPage\",\"@id\":\"https:\\\/\\\/lifedivaqua.com\\\/en\\\/12-marzo-vamos-a-limpiar-el-rio-casano\\\/\",\"url\":\"https:\\\/\\\/lifedivaqua.com\\\/en\\\/12-marzo-vamos-a-limpiar-el-rio-casano\\\/\",\"name\":\"12 MARZO, VAMOS A LIMPIAR EL R\u00cdO CASA\u00d1O - Mejorando la Diversidad Acuatica en Picos de Europa\",\"isPartOf\":{\"@id\":\"https:\\\/\\\/lifedivaqua.com\\\/#website\"},\"primaryImageOfPage\":{\"@id\":\"https:\\\/\\\/lifedivaqua.com\\\/en\\\/12-marzo-vamos-a-limpiar-el-rio-casano\\\/#primaryimage\"},\"image\":{\"@id\":\"https:\\\/\\\/lifedivaqua.com\\\/en\\\/12-marzo-vamos-a-limpiar-el-rio-casano\\\/#primaryimage\"},\"thumbnailUrl\":\"https:\\\/\\\/lifedivaqua.com\\\/wp-content\\\/uploads\\\/2022\\\/03\\\/Jornada-vecinal-limpieza-rio-Casano_12032022-scaled.jpg\",\"datePublished\":\"2022-03-03T18:57:25+00:00\",\"dateModified\":\"2022-08-01T19:47:43+00:00\",\"author\":{\"@id\":\"https:\\\/\\\/lifedivaqua.com\\\/#\\\/schema\\\/person\\\/450d8a0aed043f1b7ae8d2e0e39952a6\"},\"description\":\"S\u00e1bado 12 de marzo se desarrollar\u00e1 niciativa vecinal para limpiar las m\u00e1rgenes fluviales del r\u00edo Casa\u00f1o a su paso por el concejo de Cabrales.\",\"breadcrumb\":{\"@id\":\"https:\\\/\\\/lifedivaqua.com\\\/en\\\/12-marzo-vamos-a-limpiar-el-rio-casano\\\/#breadcrumb\"},\"inLanguage\":\"en-US\",\"potentialAction\":[{\"@type\":\"ReadAction\",\"target\":[\"https:\\\/\\\/lifedivaqua.com\\\/en\\\/12-marzo-vamos-a-limpiar-el-rio-casano\\\/\"]}]},{\"@type\":\"ImageObject\",\"inLanguage\":\"en-US\",\"@id\":\"https:\\\/\\\/lifedivaqua.com\\\/en\\\/12-marzo-vamos-a-limpiar-el-rio-casano\\\/#primaryimage\",\"url\":\"https:\\\/\\\/lifedivaqua.com\\\/wp-content\\\/uploads\\\/2022\\\/03\\\/Jornada-vecinal-limpieza-rio-Casano_12032022-scaled.jpg\",\"contentUrl\":\"https:\\\/\\\/lifedivaqua.com\\\/wp-content\\\/uploads\\\/2022\\\/03\\\/Jornada-vecinal-limpieza-rio-Casano_12032022-scaled.jpg\",\"width\":1810,\"height\":2560,\"caption\":\"Voluntariado medioambiental_Limpieza r\u00edo Casa\u00f1o_12032022\"},{\"@type\":\"BreadcrumbList\",\"@id\":\"https:\\\/\\\/lifedivaqua.com\\\/en\\\/12-marzo-vamos-a-limpiar-el-rio-casano\\\/#breadcrumb\",\"itemListElement\":[{\"@type\":\"ListItem\",\"position\":1,\"name\":\"Home\",\"item\":\"https:\\\/\\\/lifedivaqua.com\\\/en\\\/\"},{\"@type\":\"ListItem\",\"position\":2,\"name\":\"12 MARZO, VAMOS A LIMPIAR EL R\u00cdO CASA\u00d1O\"}]},{\"@type\":\"WebSite\",\"@id\":\"https:\\\/\\\/lifedivaqua.com\\\/#website\",\"url\":\"https:\\\/\\\/lifedivaqua.com\\\/\",\"name\":\"Mejorando la Diversidad Acuatica en Picos de Europa\",\"description\":\"DIVAQUA\",\"potentialAction\":[{\"@type\":\"SearchAction\",\"target\":{\"@type\":\"EntryPoint\",\"urlTemplate\":\"https:\\\/\\\/lifedivaqua.com\\\/?s={search_term_string}\"},\"query-input\":{\"@type\":\"PropertyValueSpecification\",\"valueRequired\":true,\"valueName\":\"search_term_string\"}}],\"inLanguage\":\"en-US\"},{\"@type\":\"Person\",\"@id\":\"https:\\\/\\\/lifedivaqua.com\\\/#\\\/schema\\\/person\\\/450d8a0aed043f1b7ae8d2e0e39952a6\",\"name\":\"Mar Ram\u00edrez\",\"image\":{\"@type\":\"ImageObject\",\"inLanguage\":\"en-US\",\"@id\":\"https:\\\/\\\/secure.gravatar.com\\\/avatar\\\/5bedcb7de6a52347e42394dec9ede8930ff08ef7d9b9be9fc5eb0384eed24bb7?s=96&d=mm&r=g\",\"url\":\"https:\\\/\\\/secure.gravatar.com\\\/avatar\\\/5bedcb7de6a52347e42394dec9ede8930ff08ef7d9b9be9fc5eb0384eed24bb7?s=96&d=mm&r=g\",\"contentUrl\":\"https:\\\/\\\/secure.gravatar.com\\\/avatar\\\/5bedcb7de6a52347e42394dec9ede8930ff08ef7d9b9be9fc5eb0384eed24bb7?s=96&d=mm&r=g\",\"caption\":\"Mar Ram\u00edrez\"},\"url\":\"https:\\\/\\\/lifedivaqua.com\\\/en\\\/author\\\/mar_divaqua\\\/\"}]}<\/script>\n<!-- \/ Yoast SEO plugin. -->","yoast_head_json":{"title":"12 MARZO, VAMOS A LIMPIAR EL R\u00cdO CASA\u00d1O - Mejorando la Diversidad Acuatica en Picos de Europa","description":"S\u00e1bado 12 de marzo se desarrollar\u00e1 niciativa vecinal para limpiar las m\u00e1rgenes fluviales del r\u00edo Casa\u00f1o a su paso por el concejo de Cabrales.","robots":{"index":"index","follow":"follow","max-snippet":"max-snippet:-1","max-image-preview":"max-image-preview:large","max-video-preview":"max-video-preview:-1"},"canonical":"https:\/\/lifedivaqua.com\/en\/12-marzo-vamos-a-limpiar-el-rio-casano\/","og_locale":"en_US","og_type":"article","og_title":"12 MARZO, VAMOS A LIMPIAR EL R\u00cdO CASA\u00d1O - Mejorando la Diversidad Acuatica en Picos de Europa","og_description":"S\u00e1bado 12 de marzo se desarrollar\u00e1 niciativa vecinal para limpiar las m\u00e1rgenes fluviales del r\u00edo Casa\u00f1o a su paso por el concejo de Cabrales.","og_url":"https:\/\/lifedivaqua.com\/en\/12-marzo-vamos-a-limpiar-el-rio-casano\/","og_site_name":"Mejorando la Diversidad Acuatica en Picos de Europa","article_published_time":"2022-03-03T18:57:25+00:00","article_modified_time":"2022-08-01T19:47:43+00:00","og_image":[{"width":1810,"height":2560,"url":"https:\/\/lifedivaqua.com\/wp-content\/uploads\/2022\/03\/Jornada-vecinal-limpieza-rio-Casano_12032022-scaled.jpg","type":"image\/jpeg"}],"author":"Mar Ram\u00edrez","twitter_card":"summary_large_image","twitter_misc":{"Written by":"Mar Ram\u00edrez","Est. reading time":"3 minutes"},"schema":{"@context":"https:\/\/schema.org","@graph":[{"@type":"Article","@id":"https:\/\/lifedivaqua.com\/en\/12-marzo-vamos-a-limpiar-el-rio-casano\/#article","isPartOf":{"@id":"https:\/\/lifedivaqua.com\/en\/12-marzo-vamos-a-limpiar-el-rio-casano\/"},"author":{"name":"Mar Ram\u00edrez","@id":"https:\/\/lifedivaqua.com\/#\/schema\/person\/450d8a0aed043f1b7ae8d2e0e39952a6"},"headline":"12 MARZO, VAMOS A LIMPIAR EL R\u00cdO CASA\u00d1O","datePublished":"2022-03-03T18:57:25+00:00","dateModified":"2022-08-01T19:47:43+00:00","mainEntityOfPage":{"@id":"https:\/\/lifedivaqua.com\/en\/12-marzo-vamos-a-limpiar-el-rio-casano\/"},"wordCount":550,"commentCount":0,"image":{"@id":"https:\/\/lifedivaqua.com\/en\/12-marzo-vamos-a-limpiar-el-rio-casano\/#primaryimage"},"thumbnailUrl":"https:\/\/lifedivaqua.com\/wp-content\/uploads\/2022\/03\/Jornada-vecinal-limpieza-rio-Casano_12032022-scaled.jpg","keywords":["asturias","concejo de cabrales","ecosistemas acu\u00e1ticos","jornada medioambiental","LIFE Divaqua","participaci\u00f3n","Picos de Europa","programa LIFE","r\u00edos","voluntariado"],"articleSection":["Noticias"],"inLanguage":"en-US","potentialAction":[{"@type":"CommentAction","name":"Comment","target":["https:\/\/lifedivaqua.com\/en\/12-marzo-vamos-a-limpiar-el-rio-casano\/#respond"]}]},{"@type":"WebPage","@id":"https:\/\/lifedivaqua.com\/en\/12-marzo-vamos-a-limpiar-el-rio-casano\/","url":"https:\/\/lifedivaqua.com\/en\/12-marzo-vamos-a-limpiar-el-rio-casano\/","name":"12 MARZO, VAMOS A LIMPIAR EL R\u00cdO CASA\u00d1O - Mejorando la Diversidad Acuatica en Picos de Europa","isPartOf":{"@id":"https:\/\/lifedivaqua.com\/#website"},"primaryImageOfPage":{"@id":"https:\/\/lifedivaqua.com\/en\/12-marzo-vamos-a-limpiar-el-rio-casano\/#primaryimage"},"image":{"@id":"https:\/\/lifedivaqua.com\/en\/12-marzo-vamos-a-limpiar-el-rio-casano\/#primaryimage"},"thumbnailUrl":"https:\/\/lifedivaqua.com\/wp-content\/uploads\/2022\/03\/Jornada-vecinal-limpieza-rio-Casano_12032022-scaled.jpg","datePublished":"2022-03-03T18:57:25+00:00","dateModified":"2022-08-01T19:47:43+00:00","author":{"@id":"https:\/\/lifedivaqua.com\/#\/schema\/person\/450d8a0aed043f1b7ae8d2e0e39952a6"},"description":"S\u00e1bado 12 de marzo se desarrollar\u00e1 niciativa vecinal para limpiar las m\u00e1rgenes fluviales del r\u00edo Casa\u00f1o a su paso por el concejo de Cabrales.","breadcrumb":{"@id":"https:\/\/lifedivaqua.com\/en\/12-marzo-vamos-a-limpiar-el-rio-casano\/#breadcrumb"},"inLanguage":"en-US","potentialAction":[{"@type":"ReadAction","target":["https:\/\/lifedivaqua.com\/en\/12-marzo-vamos-a-limpiar-el-rio-casano\/"]}]},{"@type":"ImageObject","inLanguage":"en-US","@id":"https:\/\/lifedivaqua.com\/en\/12-marzo-vamos-a-limpiar-el-rio-casano\/#primaryimage","url":"https:\/\/lifedivaqua.com\/wp-content\/uploads\/2022\/03\/Jornada-vecinal-limpieza-rio-Casano_12032022-scaled.jpg","contentUrl":"https:\/\/lifedivaqua.com\/wp-content\/uploads\/2022\/03\/Jornada-vecinal-limpieza-rio-Casano_12032022-scaled.jpg","width":1810,"height":2560,"caption":"Voluntariado medioambiental_Limpieza r\u00edo Casa\u00f1o_12032022"},{"@type":"BreadcrumbList","@id":"https:\/\/lifedivaqua.com\/en\/12-marzo-vamos-a-limpiar-el-rio-casano\/#breadcrumb","itemListElement":[{"@type":"ListItem","position":1,"name":"Home","item":"https:\/\/lifedivaqua.com\/en\/"},{"@type":"ListItem","position":2,"name":"12 MARZO, VAMOS A LIMPIAR EL R\u00cdO CASA\u00d1O"}]},{"@type":"WebSite","@id":"https:\/\/lifedivaqua.com\/#website","url":"https:\/\/lifedivaqua.com\/","name":"Mejorando la Diversidad Acuatica en Picos de Europa","description":"DIVAQUA","potentialAction":[{"@type":"SearchAction","target":{"@type":"EntryPoint","urlTemplate":"https:\/\/lifedivaqua.com\/?s={search_term_string}"},"query-input":{"@type":"PropertyValueSpecification","valueRequired":true,"valueName":"search_term_string"}}],"inLanguage":"en-US"},{"@type":"Person","@id":"https:\/\/lifedivaqua.com\/#\/schema\/person\/450d8a0aed043f1b7ae8d2e0e39952a6","name":"Mar Ram\u00edrez","image":{"@type":"ImageObject","inLanguage":"en-US","@id":"https:\/\/secure.gravatar.com\/avatar\/5bedcb7de6a52347e42394dec9ede8930ff08ef7d9b9be9fc5eb0384eed24bb7?s=96&d=mm&r=g","url":"https:\/\/secure.gravatar.com\/avatar\/5bedcb7de6a52347e42394dec9ede8930ff08ef7d9b9be9fc5eb0384eed24bb7?s=96&d=mm&r=g","contentUrl":"https:\/\/secure.gravatar.com\/avatar\/5bedcb7de6a52347e42394dec9ede8930ff08ef7d9b9be9fc5eb0384eed24bb7?s=96&d=mm&r=g","caption":"Mar Ram\u00edrez"},"url":"https:\/\/lifedivaqua.com\/en\/author\/mar_divaqua\/"}]}},"_links":{"self":[{"href":"https:\/\/lifedivaqua.com\/en\/wp-json\/wp\/v2\/posts\/1433","targetHints":{"allow":["GET"]}}],"collection":[{"href":"https:\/\/lifedivaqua.com\/en\/wp-json\/wp\/v2\/posts"}],"about":[{"href":"https:\/\/lifedivaqua.com\/en\/wp-json\/wp\/v2\/types\/post"}],"author":[{"embeddable":true,"href":"https:\/\/lifedivaqua.com\/en\/wp-json\/wp\/v2\/users\/3"}],"replies":[{"embeddable":true,"href":"https:\/\/lifedivaqua.com\/en\/wp-json\/wp\/v2\/comments?post=1433"}],"version-history":[{"count":3,"href":"https:\/\/lifedivaqua.com\/en\/wp-json\/wp\/v2\/posts\/1433\/revisions"}],"predecessor-version":[{"id":1438,"href":"https:\/\/lifedivaqua.com\/en\/wp-json\/wp\/v2\/posts\/1433\/revisions\/1438"}],"wp:featuredmedia":[{"embeddable":true,"href":"https:\/\/lifedivaqua.com\/en\/wp-json\/wp\/v2\/media\/1448"}],"wp:attachment":[{"href":"https:\/\/lifedivaqua.com\/en\/wp-json\/wp\/v2\/media?parent=1433"}],"wp:term":[{"taxonomy":"category","embeddable":true,"href":"https:\/\/lifedivaqua.com\/en\/wp-json\/wp\/v2\/categories?post=1433"},{"taxonomy":"post_tag","embeddable":true,"href":"https:\/\/lifedivaqua.com\/en\/wp-json\/wp\/v2\/tags?post=1433"}],"curies":[{"name":"wp","href":"https:\/\/api.w.org\/{rel}","templated":true}]}}