{"id":1308,"date":"2021-09-15T08:12:00","date_gmt":"2021-09-15T07:12:00","guid":{"rendered":"https:\/\/lifedivaqua.com\/rios-con-futuro\/"},"modified":"2022-08-01T20:55:38","modified_gmt":"2022-08-01T19:55:38","slug":"rios-con-futuro","status":"publish","type":"post","link":"https:\/\/lifedivaqua.com\/en\/rios-con-futuro\/","title":{"rendered":"RIOS CON FUTURO"},"content":{"rendered":"\n<h2 class=\"wp-block-heading\"><strong><em>Derribar obst\u00e1culos transversales de los r\u00edos que est\u00e1n fuera de servicio, tales como azudes en su d\u00eda empleados para molinos, ferrer\u00edas o aprovechamiento hidroel\u00e9ctrico, facilita que r\u00edos como el Deva y el Bull\u00f3n recuperen la conexi\u00f3n de sus ecosistemas acu\u00e1ticos.<\/em><\/strong><\/h2>\n\n\n\n<p>La elevada biodiversidad y gran valor ecol\u00f3gico que acoge Picos de Europa va a incrementar su dimensi\u00f3n ambiental gracias a las mejoras en la conectividad longitudinal de los r\u00edos Deva y Bull\u00f3n que va a provocar la demolici\u00f3n de azudes en desuso. Tarea que actualmente LIFE DIVAQUA est\u00e1 llevando a cabo en los cauces de los r\u00edos Deva, a su paso por Potes, y Bull\u00f3n, en las proximidades de Ojedo.<\/p>\n\n\n\n<p>Los azudes son infraestructuras con cuya desaparici\u00f3n o eliminaci\u00f3n parcial se va a minimizar el efecto que ocasionan en la continuidad del medio acu\u00e1tico gracias a la eliminaci\u00f3n de la barrera f\u00edsica que suponen para la movilidad de sus comunidades biol\u00f3gicas. En el caso del azul del r\u00edo Deva la permeabilizaci\u00f3n se realiza en dos fases separadas en el tiempo para que se analice la evoluci\u00f3n de la cu\u00f1a de sedimentos y de los m\u00e1rgenes fluviales laterales tal y como recomienda la Confederaci\u00f3n Hidrogr\u00e1fica del Cant\u00e1brico debido a su proximidad al n\u00facleo urbano de Potes.<\/p>\n\n\n\n<p>La fase 1 que se acaba de realizar consiste en la demolici\u00f3n parcial del azud desde su nivel actual hasta una cota de 1 metro. En la fase 2, a desarrollar el pr\u00f3ximo a\u00f1o, se proceder\u00e1 a la demolici\u00f3n total del azud restante hasta alcanzar la cota de 0 metros. En el caso del azud de la ferrer\u00eda de Ojedo en el r\u00edo Bull\u00f3n, la demolici\u00f3n se har\u00e1 completa en los pr\u00f3ximos d\u00edas.<\/p>\n\n\n\n<h3 class=\"wp-block-heading\">Los r\u00edos espa\u00f1oles con m\u00e1s obst\u00e1culos fluviales<\/h3>\n\n\n\n<p>Hist\u00f3ricamente la din\u00e1mica de los r\u00edos se ha visto alterada por las intervenciones humanas para el aprovechamiento del agua. La creaci\u00f3n de obst\u00e1culos f\u00edsicos tales como azudes origina un impacto para la biodiversidad. Con el paso de los a\u00f1os, cuando estas barreras f\u00edsicas pierden su funci\u00f3n quedan obsoletas por su abandono y deterioro tras la caducidad de la concesi\u00f3n. No obstante permanecen en pie como una frontera para la din\u00e1mica natural del r\u00edo as\u00ed como para la movilidad de la fauna de los ecosistemas acu\u00e1ticos. En la actualidad, el territorio espa\u00f1ol es una de las \u00e1reas europeas con m\u00e1s obst\u00e1culos fluviales en desuso.<\/p>\n\n\n<div class=\"wp-block-image\">\n<figure class=\"aligncenter size-large\"><img loading=\"lazy\" decoding=\"async\" width=\"768\" height=\"1024\" src=\"https:\/\/lifedivaqua.com\/wp-content\/uploads\/2021\/09\/IMG_20210910_131049-768x1024.jpg\" alt=\"\" class=\"wp-image-1205\" srcset=\"https:\/\/lifedivaqua.com\/wp-content\/uploads\/2021\/09\/IMG_20210910_131049-768x1024.jpg 768w, https:\/\/lifedivaqua.com\/wp-content\/uploads\/2021\/09\/IMG_20210910_131049-225x300.jpg 225w, https:\/\/lifedivaqua.com\/wp-content\/uploads\/2021\/09\/IMG_20210910_131049-600x800.jpg 600w, https:\/\/lifedivaqua.com\/wp-content\/uploads\/2021\/09\/IMG_20210910_131049-700x933.jpg 700w, https:\/\/lifedivaqua.com\/wp-content\/uploads\/2021\/09\/IMG_20210910_131049.jpg 864w\" sizes=\"auto, (max-width: 768px) 100vw, 768px\" \/><figcaption>Acciones de conservaci\u00f3n LIFE DIVAQUA<\/figcaption><\/figure>\n<\/div>\n\n\n<h3 class=\"wp-block-heading\">Europa restaura las condiciones naturales de sus r\u00edos<\/h3>\n\n\n\n<p>Seg\u00fan la <a href=\"https:\/\/www.miteco.gob.es\/es\/agua\/temas\/planificacion-hidrologica\/marco-del-agua\/default.aspx\">Directiva Marco del Agua<\/a>, ante el abandono de dichas instalaciones debe cumplirse con el desmantelamiento de las mismas, mediante demolici\u00f3n parcial o total con el fin de restaurar el caudal ecol\u00f3gico de los cursos fluviales sobre todo de aquellos que se encuentran en Red Natura 2000. Para lograrlo han de aplicarse las directrices de la <a href=\"https:\/\/www.miteco.gob.es\/es\/agua\/temas\/delimitacion-y-restauracion-del-dominio-publico-hidraulico\/estrategia-nacional-restauracion-rios\/\">Estrategia Nacional de Restauraci\u00f3n de R\u00edos<\/a>. Siendo los azudes demolidos cada a\u00f1o uno de sus principales indicadores. Los proyectos LIFE+ de la Uni\u00f3n Europea, tales como LIFE DIVAQUA, son uno de los principales financiadores de dichas actuaciones.<\/p>\n\n\n\n<p>Gracias a la demolici\u00f3n de los obst\u00e1culos fluviales se aumenta el \u00e1rea de distribuci\u00f3n de especies y h\u00e1bitats de inter\u00e9s comunitario como el salm\u00f3n del Atl\u00e1ntico (<em>Salmo salar<\/em>). As\u00ed podr\u00e1 alcanzar un favorable estado de conservaci\u00f3n al mejorar las condiciones ambientales de una de las m\u00e1s importantes cuencas salmoneras de la vertiente cant\u00e1brica como es la del Deva-Cares.<\/p>\n\n\n<div class=\"wp-block-image\">\n<figure class=\"aligncenter size-large\"><img loading=\"lazy\" decoding=\"async\" width=\"1024\" height=\"768\" src=\"https:\/\/lifedivaqua.com\/wp-content\/uploads\/2021\/09\/IMG_20210910_124120-1024x768.jpg\" alt=\"\" class=\"wp-image-1211\" srcset=\"https:\/\/lifedivaqua.com\/wp-content\/uploads\/2021\/09\/IMG_20210910_124120-1024x768.jpg 1024w, https:\/\/lifedivaqua.com\/wp-content\/uploads\/2021\/09\/IMG_20210910_124120-300x225.jpg 300w, https:\/\/lifedivaqua.com\/wp-content\/uploads\/2021\/09\/IMG_20210910_124120-768x576.jpg 768w, https:\/\/lifedivaqua.com\/wp-content\/uploads\/2021\/09\/IMG_20210910_124120-800x600.jpg 800w, https:\/\/lifedivaqua.com\/wp-content\/uploads\/2021\/09\/IMG_20210910_124120-700x525.jpg 700w, https:\/\/lifedivaqua.com\/wp-content\/uploads\/2021\/09\/IMG_20210910_124120-1320x990.jpg 1320w, https:\/\/lifedivaqua.com\/wp-content\/uploads\/2021\/09\/IMG_20210910_124120.jpg 1536w\" sizes=\"auto, (max-width: 1024px) 100vw, 1024px\" \/><figcaption>Resultado de la fase primera realizada en el azud del r\u00edo Deva a su paso por Potes<\/figcaption><\/figure>\n<\/div>\n\n\n<h3 class=\"wp-block-heading\">Actuaciones por la Red Natura 2000<\/h3>\n\n\n\n<p>Siguiendo las directrices del <a href=\"https:\/\/www.miteco.gob.es\/es\/biodiversidad\/temas\/espacios-protegidos\/red-natura-2000\/rn_cons_marco_accion_prioritaria.aspx\">Marco de Acci\u00f3n Prioritaria para la Red Natura 2000<\/a> la eliminaci\u00f3n de los azudes incide en una restauraci\u00f3n de los ecosistemas fluviales que va a facilitar las mejoras en la conectividad y naturalidad del medio acu\u00e1tico y de las especies que lo habitan. Medida que facilita la recuperaci\u00f3n del r\u00e9gimen hidrol\u00f3gico natural del r\u00edo y con ello la alta conectividad y la din\u00e1mica natural de erosi\u00f3n y sedimentaci\u00f3n fluvial. Asimismo tales actuaciones inciden de manera directa en implementar el desarrollo de los corredores ecol\u00f3gicos de la propia Red Natura 2000.<\/p>\n\n\n\n<h3 class=\"wp-block-heading\">Colaborar por los ecosistemas acu\u00e1ticos<\/h3>\n\n\n\n<p>La demolici\u00f3n de los azudes ha sido coordinada por el <a href=\"https:\/\/www.itagra.com\/\">Centro Tecnol\u00f3gico Agrario y Agroalimentario Itagra.CT<\/a> y <a href=\"https:\/\/redcambera.org\/\" target=\"_blank\" rel=\"noreferrer noopener\">Red Cambera<\/a>, socios beneficiarios del proyecto junto al&nbsp;<a href=\"https:\/\/www.csic.es\/\" target=\"_blank\" rel=\"noreferrer noopener\">Consejo Superior de Investigaciones Cient\u00edficas (CSIC)<\/a>,&nbsp;<a href=\"https:\/\/www.repsol.es\/es\/index.cshtml\" target=\"_blank\" rel=\"noreferrer noopener\">Repsol<\/a>,&nbsp;<a href=\"https:\/\/fundacionih.es\/\" target=\"_blank\" rel=\"noreferrer noopener\">la Fundaci\u00f3n Instituto de Hidr\u00e1ulica Ambiental Cantabria&nbsp;<\/a>y los Gobiernos auton\u00f3micos del&nbsp;<a href=\"http:\/\/movil.asturias.es\/\" target=\"_blank\" rel=\"noreferrer noopener\">Principado de Asturias<\/a>&nbsp;y la&nbsp;<a href=\"https:\/\/www.jcyl.es\/\">Junta de Castilla y Le\u00f3n<\/a>,<\/p>\n\n\n\n<p>La ejecuci\u00f3n de obra la realiza Construcciones Hidr\u00e1ulicas Bercianas \u201cCOHIBER, S.L.\u201d bajo supervisi\u00f3n de los agentes del Medio Natural del Gobierno de Cantabria y de la Confederaci\u00f3n Hidrogr\u00e1fica del Cant\u00e1brico. Adem\u00e1s cuenta con la colaboraci\u00f3n de los Ayuntamientos de Potes y Cabez\u00f3n de Li\u00e9bana, as\u00ed como de los vecinos y propietarios del territorio.<\/p>\n\n\n\n<p>El proyecto europeo <strong>LIFE18 NAT\/ES\/000121 DIVAQUA <\/strong>est\u00e1 coordinado por la&nbsp;<a href=\"https:\/\/web.unican.es\/\" target=\"_blank\" rel=\"noreferrer noopener\">Universidad de Cantabria&nbsp;<\/a>a trav\u00e9s del&nbsp;Instituto de Hidr\u00e1ulica Ambiental. Lo cofinancian la&nbsp;<a href=\"https:\/\/www.cantabria.es\/web\/consejeria-de-desarrollo-rural-ganaderia-pesca-y-biodiversidad\" target=\"_blank\" rel=\"noreferrer noopener\">Consejer\u00eda de Desarrollo Rural, Ganader\u00eda, Pesca, Alimentaci\u00f3n y Medio Ambiente del Gobierno de Cantabria<\/a>&nbsp;y&nbsp;<a href=\"https:\/\/www.navarrosic.com\/\" target=\"_blank\" rel=\"noreferrer noopener\">Navarro Generaci\u00f3n<\/a> y dispone de la contribuci\u00f3n financiera del Programa LIFE de la Uni\u00f3n Europea.<\/p>\n","protected":false},"excerpt":{"rendered":"<p>Derribar obst\u00e1culos transversales de los r\u00edos que est\u00e1n fuera de servicio, tales como azudes en su d\u00eda empleados para molinos, ferrer\u00edas o aprovechamiento hidroel\u00e9ctrico, facilita que r\u00edos como el Deva y el Bull\u00f3n recuperen la conexi\u00f3n de sus ecosistemas acu\u00e1ticos. La elevada biodiversidad y gran&#8230;<\/p>\n","protected":false},"author":3,"featured_media":1204,"comment_status":"open","ping_status":"closed","sticky":false,"template":"","format":"standard","meta":{"footnotes":""},"categories":[31],"tags":[35,258,147,36,32,33,201,150,42],"class_list":["post-1308","post","type-post","status-publish","format-standard","has-post-thumbnail","hentry","category-noticias-en","tag-biodiversidad-en","tag-bullon-en","tag-deva-en","tag-ecosistemas-acuaticos-en","tag-life-divaqua-en","tag-picos-de-europa-en","tag-proyecto-life-en","tag-red-natura-2000-en","tag-restauracion-fluvial-en"],"yoast_head":"<!-- This site is optimized with the Yoast SEO plugin v27.4 - https:\/\/yoast.com\/product\/yoast-seo-wordpress\/ -->\n<title>RIOS CON FUTURO - Mejorando la Diversidad Acuatica en Picos de Europa<\/title>\n<meta name=\"description\" content=\"La demolici\u00f3n de los azudes en el Deva, a su paso por Potes, y el r\u00edo Bull\u00f3n, cerca de Ojedo, restaura su conectividad y caudal ecol\u00f3gico.\" \/>\n<meta name=\"robots\" content=\"index, follow, max-snippet:-1, max-image-preview:large, max-video-preview:-1\" \/>\n<link rel=\"canonical\" href=\"https:\/\/lifedivaqua.com\/en\/rios-con-futuro\/\" \/>\n<meta property=\"og:locale\" content=\"en_US\" \/>\n<meta property=\"og:type\" content=\"article\" \/>\n<meta property=\"og:title\" content=\"RIOS CON FUTURO - Mejorando la Diversidad Acuatica en Picos de Europa\" \/>\n<meta property=\"og:description\" content=\"La demolici\u00f3n de los azudes en el Deva, a su paso por Potes, y el r\u00edo Bull\u00f3n, cerca de Ojedo, restaura su conectividad y caudal ecol\u00f3gico.\" \/>\n<meta property=\"og:url\" content=\"https:\/\/lifedivaqua.com\/en\/rios-con-futuro\/\" \/>\n<meta property=\"og:site_name\" content=\"Mejorando la Diversidad Acuatica en Picos de Europa\" \/>\n<meta property=\"article:published_time\" content=\"2021-09-15T07:12:00+00:00\" \/>\n<meta property=\"article:modified_time\" content=\"2022-08-01T19:55:38+00:00\" \/>\n<meta property=\"og:image\" content=\"https:\/\/lifedivaqua.com\/wp-content\/uploads\/2021\/09\/IMG_20210909_190346.jpg\" \/>\n\t<meta property=\"og:image:width\" content=\"1536\" \/>\n\t<meta property=\"og:image:height\" content=\"1152\" \/>\n\t<meta property=\"og:image:type\" content=\"image\/jpeg\" \/>\n<meta name=\"author\" content=\"Mar Ram\u00edrez\" \/>\n<meta name=\"twitter:card\" content=\"summary_large_image\" \/>\n<meta name=\"twitter:label1\" content=\"Written by\" \/>\n\t<meta name=\"twitter:data1\" content=\"Mar Ram\u00edrez\" \/>\n\t<meta name=\"twitter:label2\" content=\"Est. reading time\" \/>\n\t<meta name=\"twitter:data2\" content=\"5 minutes\" \/>\n<script type=\"application\/ld+json\" class=\"yoast-schema-graph\">{\"@context\":\"https:\\\/\\\/schema.org\",\"@graph\":[{\"@type\":\"Article\",\"@id\":\"https:\\\/\\\/lifedivaqua.com\\\/en\\\/rios-con-futuro\\\/#article\",\"isPartOf\":{\"@id\":\"https:\\\/\\\/lifedivaqua.com\\\/en\\\/rios-con-futuro\\\/\"},\"author\":{\"name\":\"Mar Ram\u00edrez\",\"@id\":\"https:\\\/\\\/lifedivaqua.com\\\/#\\\/schema\\\/person\\\/450d8a0aed043f1b7ae8d2e0e39952a6\"},\"headline\":\"RIOS CON FUTURO\",\"datePublished\":\"2021-09-15T07:12:00+00:00\",\"dateModified\":\"2022-08-01T19:55:38+00:00\",\"mainEntityOfPage\":{\"@id\":\"https:\\\/\\\/lifedivaqua.com\\\/en\\\/rios-con-futuro\\\/\"},\"wordCount\":966,\"commentCount\":0,\"image\":{\"@id\":\"https:\\\/\\\/lifedivaqua.com\\\/en\\\/rios-con-futuro\\\/#primaryimage\"},\"thumbnailUrl\":\"https:\\\/\\\/lifedivaqua.com\\\/wp-content\\\/uploads\\\/2021\\\/09\\\/IMG_20210909_190346.jpg\",\"keywords\":[\"biodiversidad\",\"bull\u00f3n\",\"deva\",\"ecosistemas acu\u00e1ticos\",\"LIFE Divaqua\",\"Picos de Europa\",\"proyecto LIFE\",\"Red Natura 2000\",\"restauraci\u00f3n fluvial\"],\"articleSection\":[\"Noticias\"],\"inLanguage\":\"en-US\",\"potentialAction\":[{\"@type\":\"CommentAction\",\"name\":\"Comment\",\"target\":[\"https:\\\/\\\/lifedivaqua.com\\\/en\\\/rios-con-futuro\\\/#respond\"]}]},{\"@type\":\"WebPage\",\"@id\":\"https:\\\/\\\/lifedivaqua.com\\\/en\\\/rios-con-futuro\\\/\",\"url\":\"https:\\\/\\\/lifedivaqua.com\\\/en\\\/rios-con-futuro\\\/\",\"name\":\"RIOS CON FUTURO - Mejorando la Diversidad Acuatica en Picos de Europa\",\"isPartOf\":{\"@id\":\"https:\\\/\\\/lifedivaqua.com\\\/#website\"},\"primaryImageOfPage\":{\"@id\":\"https:\\\/\\\/lifedivaqua.com\\\/en\\\/rios-con-futuro\\\/#primaryimage\"},\"image\":{\"@id\":\"https:\\\/\\\/lifedivaqua.com\\\/en\\\/rios-con-futuro\\\/#primaryimage\"},\"thumbnailUrl\":\"https:\\\/\\\/lifedivaqua.com\\\/wp-content\\\/uploads\\\/2021\\\/09\\\/IMG_20210909_190346.jpg\",\"datePublished\":\"2021-09-15T07:12:00+00:00\",\"dateModified\":\"2022-08-01T19:55:38+00:00\",\"author\":{\"@id\":\"https:\\\/\\\/lifedivaqua.com\\\/#\\\/schema\\\/person\\\/450d8a0aed043f1b7ae8d2e0e39952a6\"},\"description\":\"La demolici\u00f3n de los azudes en el Deva, a su paso por Potes, y el r\u00edo Bull\u00f3n, cerca de Ojedo, restaura su conectividad y caudal ecol\u00f3gico.\",\"breadcrumb\":{\"@id\":\"https:\\\/\\\/lifedivaqua.com\\\/en\\\/rios-con-futuro\\\/#breadcrumb\"},\"inLanguage\":\"en-US\",\"potentialAction\":[{\"@type\":\"ReadAction\",\"target\":[\"https:\\\/\\\/lifedivaqua.com\\\/en\\\/rios-con-futuro\\\/\"]}]},{\"@type\":\"ImageObject\",\"inLanguage\":\"en-US\",\"@id\":\"https:\\\/\\\/lifedivaqua.com\\\/en\\\/rios-con-futuro\\\/#primaryimage\",\"url\":\"https:\\\/\\\/lifedivaqua.com\\\/wp-content\\\/uploads\\\/2021\\\/09\\\/IMG_20210909_190346.jpg\",\"contentUrl\":\"https:\\\/\\\/lifedivaqua.com\\\/wp-content\\\/uploads\\\/2021\\\/09\\\/IMG_20210909_190346.jpg\",\"width\":1536,\"height\":1152,\"caption\":\"Demolici\u00f3n azud del r\u00edo Deva a su paso por Potes\"},{\"@type\":\"BreadcrumbList\",\"@id\":\"https:\\\/\\\/lifedivaqua.com\\\/en\\\/rios-con-futuro\\\/#breadcrumb\",\"itemListElement\":[{\"@type\":\"ListItem\",\"position\":1,\"name\":\"Home\",\"item\":\"https:\\\/\\\/lifedivaqua.com\\\/en\\\/\"},{\"@type\":\"ListItem\",\"position\":2,\"name\":\"RIOS CON FUTURO\"}]},{\"@type\":\"WebSite\",\"@id\":\"https:\\\/\\\/lifedivaqua.com\\\/#website\",\"url\":\"https:\\\/\\\/lifedivaqua.com\\\/\",\"name\":\"Mejorando la Diversidad Acuatica en Picos de Europa\",\"description\":\"DIVAQUA\",\"potentialAction\":[{\"@type\":\"SearchAction\",\"target\":{\"@type\":\"EntryPoint\",\"urlTemplate\":\"https:\\\/\\\/lifedivaqua.com\\\/?s={search_term_string}\"},\"query-input\":{\"@type\":\"PropertyValueSpecification\",\"valueRequired\":true,\"valueName\":\"search_term_string\"}}],\"inLanguage\":\"en-US\"},{\"@type\":\"Person\",\"@id\":\"https:\\\/\\\/lifedivaqua.com\\\/#\\\/schema\\\/person\\\/450d8a0aed043f1b7ae8d2e0e39952a6\",\"name\":\"Mar Ram\u00edrez\",\"image\":{\"@type\":\"ImageObject\",\"inLanguage\":\"en-US\",\"@id\":\"https:\\\/\\\/secure.gravatar.com\\\/avatar\\\/5bedcb7de6a52347e42394dec9ede8930ff08ef7d9b9be9fc5eb0384eed24bb7?s=96&d=mm&r=g\",\"url\":\"https:\\\/\\\/secure.gravatar.com\\\/avatar\\\/5bedcb7de6a52347e42394dec9ede8930ff08ef7d9b9be9fc5eb0384eed24bb7?s=96&d=mm&r=g\",\"contentUrl\":\"https:\\\/\\\/secure.gravatar.com\\\/avatar\\\/5bedcb7de6a52347e42394dec9ede8930ff08ef7d9b9be9fc5eb0384eed24bb7?s=96&d=mm&r=g\",\"caption\":\"Mar Ram\u00edrez\"},\"url\":\"https:\\\/\\\/lifedivaqua.com\\\/en\\\/author\\\/mar_divaqua\\\/\"}]}<\/script>\n<!-- \/ Yoast SEO plugin. -->","yoast_head_json":{"title":"RIOS CON FUTURO - Mejorando la Diversidad Acuatica en Picos de Europa","description":"La demolici\u00f3n de los azudes en el Deva, a su paso por Potes, y el r\u00edo Bull\u00f3n, cerca de Ojedo, restaura su conectividad y caudal ecol\u00f3gico.","robots":{"index":"index","follow":"follow","max-snippet":"max-snippet:-1","max-image-preview":"max-image-preview:large","max-video-preview":"max-video-preview:-1"},"canonical":"https:\/\/lifedivaqua.com\/en\/rios-con-futuro\/","og_locale":"en_US","og_type":"article","og_title":"RIOS CON FUTURO - Mejorando la Diversidad Acuatica en Picos de Europa","og_description":"La demolici\u00f3n de los azudes en el Deva, a su paso por Potes, y el r\u00edo Bull\u00f3n, cerca de Ojedo, restaura su conectividad y caudal ecol\u00f3gico.","og_url":"https:\/\/lifedivaqua.com\/en\/rios-con-futuro\/","og_site_name":"Mejorando la Diversidad Acuatica en Picos de Europa","article_published_time":"2021-09-15T07:12:00+00:00","article_modified_time":"2022-08-01T19:55:38+00:00","og_image":[{"width":1536,"height":1152,"url":"https:\/\/lifedivaqua.com\/wp-content\/uploads\/2021\/09\/IMG_20210909_190346.jpg","type":"image\/jpeg"}],"author":"Mar Ram\u00edrez","twitter_card":"summary_large_image","twitter_misc":{"Written by":"Mar Ram\u00edrez","Est. reading time":"5 minutes"},"schema":{"@context":"https:\/\/schema.org","@graph":[{"@type":"Article","@id":"https:\/\/lifedivaqua.com\/en\/rios-con-futuro\/#article","isPartOf":{"@id":"https:\/\/lifedivaqua.com\/en\/rios-con-futuro\/"},"author":{"name":"Mar Ram\u00edrez","@id":"https:\/\/lifedivaqua.com\/#\/schema\/person\/450d8a0aed043f1b7ae8d2e0e39952a6"},"headline":"RIOS CON FUTURO","datePublished":"2021-09-15T07:12:00+00:00","dateModified":"2022-08-01T19:55:38+00:00","mainEntityOfPage":{"@id":"https:\/\/lifedivaqua.com\/en\/rios-con-futuro\/"},"wordCount":966,"commentCount":0,"image":{"@id":"https:\/\/lifedivaqua.com\/en\/rios-con-futuro\/#primaryimage"},"thumbnailUrl":"https:\/\/lifedivaqua.com\/wp-content\/uploads\/2021\/09\/IMG_20210909_190346.jpg","keywords":["biodiversidad","bull\u00f3n","deva","ecosistemas acu\u00e1ticos","LIFE Divaqua","Picos de Europa","proyecto LIFE","Red Natura 2000","restauraci\u00f3n fluvial"],"articleSection":["Noticias"],"inLanguage":"en-US","potentialAction":[{"@type":"CommentAction","name":"Comment","target":["https:\/\/lifedivaqua.com\/en\/rios-con-futuro\/#respond"]}]},{"@type":"WebPage","@id":"https:\/\/lifedivaqua.com\/en\/rios-con-futuro\/","url":"https:\/\/lifedivaqua.com\/en\/rios-con-futuro\/","name":"RIOS CON FUTURO - Mejorando la Diversidad Acuatica en Picos de Europa","isPartOf":{"@id":"https:\/\/lifedivaqua.com\/#website"},"primaryImageOfPage":{"@id":"https:\/\/lifedivaqua.com\/en\/rios-con-futuro\/#primaryimage"},"image":{"@id":"https:\/\/lifedivaqua.com\/en\/rios-con-futuro\/#primaryimage"},"thumbnailUrl":"https:\/\/lifedivaqua.com\/wp-content\/uploads\/2021\/09\/IMG_20210909_190346.jpg","datePublished":"2021-09-15T07:12:00+00:00","dateModified":"2022-08-01T19:55:38+00:00","author":{"@id":"https:\/\/lifedivaqua.com\/#\/schema\/person\/450d8a0aed043f1b7ae8d2e0e39952a6"},"description":"La demolici\u00f3n de los azudes en el Deva, a su paso por Potes, y el r\u00edo Bull\u00f3n, cerca de Ojedo, restaura su conectividad y caudal ecol\u00f3gico.","breadcrumb":{"@id":"https:\/\/lifedivaqua.com\/en\/rios-con-futuro\/#breadcrumb"},"inLanguage":"en-US","potentialAction":[{"@type":"ReadAction","target":["https:\/\/lifedivaqua.com\/en\/rios-con-futuro\/"]}]},{"@type":"ImageObject","inLanguage":"en-US","@id":"https:\/\/lifedivaqua.com\/en\/rios-con-futuro\/#primaryimage","url":"https:\/\/lifedivaqua.com\/wp-content\/uploads\/2021\/09\/IMG_20210909_190346.jpg","contentUrl":"https:\/\/lifedivaqua.com\/wp-content\/uploads\/2021\/09\/IMG_20210909_190346.jpg","width":1536,"height":1152,"caption":"Demolici\u00f3n azud del r\u00edo Deva a su paso por Potes"},{"@type":"BreadcrumbList","@id":"https:\/\/lifedivaqua.com\/en\/rios-con-futuro\/#breadcrumb","itemListElement":[{"@type":"ListItem","position":1,"name":"Home","item":"https:\/\/lifedivaqua.com\/en\/"},{"@type":"ListItem","position":2,"name":"RIOS CON FUTURO"}]},{"@type":"WebSite","@id":"https:\/\/lifedivaqua.com\/#website","url":"https:\/\/lifedivaqua.com\/","name":"Mejorando la Diversidad Acuatica en Picos de Europa","description":"DIVAQUA","potentialAction":[{"@type":"SearchAction","target":{"@type":"EntryPoint","urlTemplate":"https:\/\/lifedivaqua.com\/?s={search_term_string}"},"query-input":{"@type":"PropertyValueSpecification","valueRequired":true,"valueName":"search_term_string"}}],"inLanguage":"en-US"},{"@type":"Person","@id":"https:\/\/lifedivaqua.com\/#\/schema\/person\/450d8a0aed043f1b7ae8d2e0e39952a6","name":"Mar Ram\u00edrez","image":{"@type":"ImageObject","inLanguage":"en-US","@id":"https:\/\/secure.gravatar.com\/avatar\/5bedcb7de6a52347e42394dec9ede8930ff08ef7d9b9be9fc5eb0384eed24bb7?s=96&d=mm&r=g","url":"https:\/\/secure.gravatar.com\/avatar\/5bedcb7de6a52347e42394dec9ede8930ff08ef7d9b9be9fc5eb0384eed24bb7?s=96&d=mm&r=g","contentUrl":"https:\/\/secure.gravatar.com\/avatar\/5bedcb7de6a52347e42394dec9ede8930ff08ef7d9b9be9fc5eb0384eed24bb7?s=96&d=mm&r=g","caption":"Mar Ram\u00edrez"},"url":"https:\/\/lifedivaqua.com\/en\/author\/mar_divaqua\/"}]}},"_links":{"self":[{"href":"https:\/\/lifedivaqua.com\/en\/wp-json\/wp\/v2\/posts\/1308","targetHints":{"allow":["GET"]}}],"collection":[{"href":"https:\/\/lifedivaqua.com\/en\/wp-json\/wp\/v2\/posts"}],"about":[{"href":"https:\/\/lifedivaqua.com\/en\/wp-json\/wp\/v2\/types\/post"}],"author":[{"embeddable":true,"href":"https:\/\/lifedivaqua.com\/en\/wp-json\/wp\/v2\/users\/3"}],"replies":[{"embeddable":true,"href":"https:\/\/lifedivaqua.com\/en\/wp-json\/wp\/v2\/comments?post=1308"}],"version-history":[{"count":2,"href":"https:\/\/lifedivaqua.com\/en\/wp-json\/wp\/v2\/posts\/1308\/revisions"}],"predecessor-version":[{"id":1694,"href":"https:\/\/lifedivaqua.com\/en\/wp-json\/wp\/v2\/posts\/1308\/revisions\/1694"}],"wp:featuredmedia":[{"embeddable":true,"href":"https:\/\/lifedivaqua.com\/en\/wp-json\/wp\/v2\/media\/1204"}],"wp:attachment":[{"href":"https:\/\/lifedivaqua.com\/en\/wp-json\/wp\/v2\/media?parent=1308"}],"wp:term":[{"taxonomy":"category","embeddable":true,"href":"https:\/\/lifedivaqua.com\/en\/wp-json\/wp\/v2\/categories?post=1308"},{"taxonomy":"post_tag","embeddable":true,"href":"https:\/\/lifedivaqua.com\/en\/wp-json\/wp\/v2\/tags?post=1308"}],"curies":[{"name":"wp","href":"https:\/\/api.w.org\/{rel}","templated":true}]}}