{"id":1087,"date":"2021-06-04T08:47:34","date_gmt":"2021-06-04T07:47:34","guid":{"rendered":"https:\/\/lifedivaqua.com\/?p=1087"},"modified":"2022-08-01T21:12:28","modified_gmt":"2022-08-01T20:12:28","slug":"visita-de-seguimiento-a-los-ecosistemas-acuaticos-de-montana-de-picos-de-europa","status":"publish","type":"post","link":"https:\/\/lifedivaqua.com\/en\/visita-de-seguimiento-a-los-ecosistemas-acuaticos-de-montana-de-picos-de-europa\/","title":{"rendered":"AVANZAMOS POR LA RED NATURA 2000"},"content":{"rendered":"\n<h2 class=\"wp-block-heading\"><em><strong>Las jornadas de seguimiento sobre los aspectos t\u00e9cnicos y administrativo-financieros de LIFE DIVAQUA respaldan la pol\u00edtica europea en materia de naturaleza y biodiversidad en Picos de Europa al incidir en la restauraci\u00f3n de h\u00e1bitats y especies de los ecosistemas acu\u00e1ticos de monta\u00f1a incluidos en Red Natura 2000.<\/strong><\/em><\/h2>\n\n\n\n<p>Durante la primera semana de junio se han llevado a cabo las jornadas de seguimiento LIFE DIVAQUA para constatar los avances t\u00e9cnicos del proyecto europeo actualmente en desarrollo para la mejora y restauraci\u00f3n de la naturaleza de monta\u00f1a ligada a los ecosistemas acu\u00e1ticos continentales de Picos de Europa.<\/p>\n\n\n\n<p>El programa LIFE es el \u00fanico instrumento financiero europeo que, en su componente de naturaleza y biodiversidad, fomenta el desarrollo y mantenimiento de la Red Natura 2000, la mayor red de \u00e1reas protegidas del mundo.<\/p>\n\n\n\n<p>El objetivo de la Red Natura 2000 es alcanzar o, en su caso, mantener en un estado de conservaci\u00f3n favorable, de los h\u00e1bitats y especies se\u00f1alados en las Directivas H\u00e1bitats y Aves. Las actuaciones que se contemplan en el proyecto DIVAQUA siguen este objetivo respecto a los ecosistemas acu\u00e1ticos continentales dentro de las cuencas que drenan el Parque Nacional de Picos de Europa y su entorno en Red Natura 2000.<\/p>\n\n\n\n<h3 class=\"wp-block-heading\">Trabajando por la Red Natura 2000<\/h3>\n\n\n\n<p>Las jornadas se han desarrollado mediante reuniones en la sede del Instituto de Hidr\u00e1ulica Ambiental de la Universidad de Cantabria, coordinador del proyecto, con asistencia de representantes de los socios beneficiarios: <a href=\"https:\/\/redcambera.org\/\" target=\"_blank\" rel=\"noreferrer noopener\">Red Cambera<\/a>, <a href=\"https:\/\/www.csic.es\/\" target=\"_blank\" rel=\"noreferrer noopener\">Consejo Superior de Investigaciones Cient\u00edficas (CSIC)<\/a>,&nbsp;<a href=\"https:\/\/www.itagra.com\/\" target=\"_blank\" rel=\"noreferrer noopener\">Centro Tecnol\u00f3gico Agrario y Agroalimentario Itagra.CT<\/a>,&nbsp;<a href=\"https:\/\/www.repsol.es\/es\/index.cshtml\" target=\"_blank\" rel=\"noreferrer noopener\">Repsol<\/a>,&nbsp;<a href=\"https:\/\/fundacionih.es\/\" target=\"_blank\" rel=\"noreferrer noopener\">la Fundaci\u00f3n Instituto de Hidr\u00e1ulica Ambiental Cantabria<\/a>, junto a representantes del parque nacional y de los Gobiernos auton\u00f3micos del&nbsp;<a href=\"http:\/\/movil.asturias.es\/\" target=\"_blank\" rel=\"noreferrer noopener\">Principado de Asturias<\/a>&nbsp;y la&nbsp;<a href=\"https:\/\/www.jcyl.es\/\" target=\"_blank\" rel=\"noreferrer noopener\">Junta de Castilla y Le\u00f3n<\/a>. Asimismo han participado en las reuniones los socios cofinanciadores:&nbsp;<a href=\"https:\/\/www.cantabria.es\/web\/consejeria-de-desarrollo-rural-ganaderia-pesca-y-biodiversidad\" target=\"_blank\" rel=\"noreferrer noopener\">Consejer\u00eda de Desarrollo Rural, Ganader\u00eda, Pesca, Alimentaci\u00f3n y Medio Ambiente del Gobierno de Cantabria<\/a>&nbsp;y&nbsp;<a href=\"https:\/\/www.navarrosic.com\/\" target=\"_blank\" rel=\"noreferrer noopener\">Navarro Generaci\u00f3n<\/a>.<\/p>\n\n\n\n<figure class=\"wp-block-image size-large\"><img loading=\"lazy\" decoding=\"async\" width=\"1024\" height=\"768\" src=\"https:\/\/lifedivaqua.com\/wp-content\/uploads\/2021\/06\/Visita-Junio-2021_1-1-1024x768.jpeg\" alt=\"\" class=\"wp-image-1084\" srcset=\"https:\/\/lifedivaqua.com\/wp-content\/uploads\/2021\/06\/Visita-Junio-2021_1-1-1024x768.jpeg 1024w, https:\/\/lifedivaqua.com\/wp-content\/uploads\/2021\/06\/Visita-Junio-2021_1-1-300x225.jpeg 300w, https:\/\/lifedivaqua.com\/wp-content\/uploads\/2021\/06\/Visita-Junio-2021_1-1-768x576.jpeg 768w, https:\/\/lifedivaqua.com\/wp-content\/uploads\/2021\/06\/Visita-Junio-2021_1-1-1536x1152.jpeg 1536w, https:\/\/lifedivaqua.com\/wp-content\/uploads\/2021\/06\/Visita-Junio-2021_1-1-800x600.jpeg 800w, https:\/\/lifedivaqua.com\/wp-content\/uploads\/2021\/06\/Visita-Junio-2021_1-1-700x525.jpeg 700w, https:\/\/lifedivaqua.com\/wp-content\/uploads\/2021\/06\/Visita-Junio-2021_1-1-1320x990.jpeg 1320w, https:\/\/lifedivaqua.com\/wp-content\/uploads\/2021\/06\/Visita-Junio-2021_1-1.jpeg 2000w\" sizes=\"auto, (max-width: 1024px) 100vw, 1024px\" \/><\/figure>\n\n\n\n<p>Despu\u00e9s de las reuniones t\u00e9cnicas y administrativo-financieras se han desarrollado visitas t\u00e9cnicas de campo en Picos de Europa para conocer de primera mano las actuaciones que se est\u00e1n llevando a cabo en el territorio. <\/p>\n\n\n\n<p>Algunas de estas actuaciones son la permeabilizaci\u00f3n de azudes, como de el de Puente Lles, el de la ferrer\u00eda de Ojedo y el de la depuradora de Potes con los que se lograr\u00e1 mejorar la conectividad longitudinal de los r\u00edos en la cuenca del Deva. La funcionalidad y eficiencia de estos h\u00e1bitats se ver\u00e1n incrementadas con las actuaciones de mejora en las escalas para peces de Urd\u00f3n y Poncebos y de la central de Resta\u00f1o. Mientras que las mejoras en las surgencias y humedales de \u00c1liva, Fuente D\u00e9, los lagos de Covadonga y la vega de Comeya van a restaurar los h\u00e1bitats acu\u00e1ticos asociados a manantiales y humedales. <\/p>\n\n\n\n<p>Otras actuaciones, como en la antigua explotaci\u00f3n minera de las M\u00e1nforas, ayudar\u00e1n a mantener las \u00f3ptimas condiciones h\u00eddricas as\u00ed como la restauraci\u00f3n del bosque de ribera en el r\u00edo Cares.<\/p>\n","protected":false},"excerpt":{"rendered":"<p>Las jornadas de seguimiento sobre los aspectos t\u00e9cnicos y administrativo-financieros de LIFE DIVAQUA respaldan la pol\u00edtica europea en materia de naturaleza y biodiversidad en Picos de Europa al incidir en la restauraci\u00f3n de h\u00e1bitats y especies de los ecosistemas acu\u00e1ticos de monta\u00f1a incluidos en Red&#8230;<\/p>\n","protected":false},"author":3,"featured_media":1078,"comment_status":"open","ping_status":"closed","sticky":false,"template":"","format":"standard","meta":{"footnotes":""},"categories":[31],"tags":[36,128,33,202,43],"class_list":["post-1087","post","type-post","status-publish","format-standard","has-post-thumbnail","hentry","category-noticias-en","tag-ecosistemas-acuaticos-en","tag-life-programme-2-en","tag-picos-de-europa-en","tag-rio-cares-en","tag-rio-deva-en"],"yoast_head":"<!-- This site is optimized with the Yoast SEO plugin v27.4 - https:\/\/yoast.com\/product\/yoast-seo-wordpress\/ -->\n<title>AVANZAMOS POR LA RED NATURA 2000 - Mejorando la Diversidad Acuatica en Picos de Europa<\/title>\n<meta name=\"description\" content=\"Jornadas t\u00e9cnicas de seguimiento del programa LIFE en Picos de Europa a trav\u00e9s de las actuaciones de LIFE DIVAQUA en ecosistemas acu\u00e1ticos.\" \/>\n<meta name=\"robots\" content=\"index, follow, max-snippet:-1, max-image-preview:large, max-video-preview:-1\" \/>\n<link rel=\"canonical\" href=\"https:\/\/lifedivaqua.com\/en\/visita-de-seguimiento-a-los-ecosistemas-acuaticos-de-montana-de-picos-de-europa\/\" \/>\n<meta property=\"og:locale\" content=\"en_US\" \/>\n<meta property=\"og:type\" content=\"article\" \/>\n<meta property=\"og:title\" content=\"AVANZAMOS POR LA RED NATURA 2000 - Mejorando la Diversidad Acuatica en Picos de Europa\" \/>\n<meta property=\"og:description\" content=\"Jornadas t\u00e9cnicas de seguimiento del programa LIFE en Picos de Europa a trav\u00e9s de las actuaciones de LIFE DIVAQUA en ecosistemas acu\u00e1ticos.\" \/>\n<meta property=\"og:url\" content=\"https:\/\/lifedivaqua.com\/en\/visita-de-seguimiento-a-los-ecosistemas-acuaticos-de-montana-de-picos-de-europa\/\" \/>\n<meta property=\"og:site_name\" content=\"Mejorando la Diversidad Acuatica en Picos de Europa\" \/>\n<meta property=\"article:published_time\" content=\"2021-06-04T07:47:34+00:00\" \/>\n<meta property=\"article:modified_time\" content=\"2022-08-01T20:12:28+00:00\" \/>\n<meta property=\"og:image\" content=\"https:\/\/lifedivaqua.com\/wp-content\/uploads\/2021\/06\/Visita-Junio-2021_2.jpeg\" \/>\n\t<meta property=\"og:image:width\" content=\"1600\" \/>\n\t<meta property=\"og:image:height\" content=\"1200\" \/>\n\t<meta property=\"og:image:type\" content=\"image\/jpeg\" \/>\n<meta name=\"author\" content=\"Mar Ram\u00edrez\" \/>\n<meta name=\"twitter:card\" content=\"summary_large_image\" \/>\n<meta name=\"twitter:label1\" content=\"Written by\" \/>\n\t<meta name=\"twitter:data1\" content=\"Mar Ram\u00edrez\" \/>\n\t<meta name=\"twitter:label2\" content=\"Est. reading time\" \/>\n\t<meta name=\"twitter:data2\" content=\"3 minutes\" \/>\n<script type=\"application\/ld+json\" class=\"yoast-schema-graph\">{\"@context\":\"https:\\\/\\\/schema.org\",\"@graph\":[{\"@type\":\"Article\",\"@id\":\"https:\\\/\\\/lifedivaqua.com\\\/en\\\/visita-de-seguimiento-a-los-ecosistemas-acuaticos-de-montana-de-picos-de-europa\\\/#article\",\"isPartOf\":{\"@id\":\"https:\\\/\\\/lifedivaqua.com\\\/en\\\/visita-de-seguimiento-a-los-ecosistemas-acuaticos-de-montana-de-picos-de-europa\\\/\"},\"author\":{\"name\":\"Mar Ram\u00edrez\",\"@id\":\"https:\\\/\\\/lifedivaqua.com\\\/#\\\/schema\\\/person\\\/450d8a0aed043f1b7ae8d2e0e39952a6\"},\"headline\":\"AVANZAMOS POR LA RED NATURA 2000\",\"datePublished\":\"2021-06-04T07:47:34+00:00\",\"dateModified\":\"2022-08-01T20:12:28+00:00\",\"mainEntityOfPage\":{\"@id\":\"https:\\\/\\\/lifedivaqua.com\\\/en\\\/visita-de-seguimiento-a-los-ecosistemas-acuaticos-de-montana-de-picos-de-europa\\\/\"},\"wordCount\":534,\"commentCount\":0,\"image\":{\"@id\":\"https:\\\/\\\/lifedivaqua.com\\\/en\\\/visita-de-seguimiento-a-los-ecosistemas-acuaticos-de-montana-de-picos-de-europa\\\/#primaryimage\"},\"thumbnailUrl\":\"https:\\\/\\\/lifedivaqua.com\\\/wp-content\\\/uploads\\\/2021\\\/06\\\/Visita-Junio-2021_2.jpeg\",\"keywords\":[\"ecosistemas acu\u00e1ticos\",\"LIFE programme\",\"Picos de Europa\",\"r\u00edo Cares\",\"r\u00edo Deva\"],\"articleSection\":[\"Noticias\"],\"inLanguage\":\"en-US\",\"potentialAction\":[{\"@type\":\"CommentAction\",\"name\":\"Comment\",\"target\":[\"https:\\\/\\\/lifedivaqua.com\\\/en\\\/visita-de-seguimiento-a-los-ecosistemas-acuaticos-de-montana-de-picos-de-europa\\\/#respond\"]}]},{\"@type\":\"WebPage\",\"@id\":\"https:\\\/\\\/lifedivaqua.com\\\/en\\\/visita-de-seguimiento-a-los-ecosistemas-acuaticos-de-montana-de-picos-de-europa\\\/\",\"url\":\"https:\\\/\\\/lifedivaqua.com\\\/en\\\/visita-de-seguimiento-a-los-ecosistemas-acuaticos-de-montana-de-picos-de-europa\\\/\",\"name\":\"AVANZAMOS POR LA RED NATURA 2000 - Mejorando la Diversidad Acuatica en Picos de Europa\",\"isPartOf\":{\"@id\":\"https:\\\/\\\/lifedivaqua.com\\\/#website\"},\"primaryImageOfPage\":{\"@id\":\"https:\\\/\\\/lifedivaqua.com\\\/en\\\/visita-de-seguimiento-a-los-ecosistemas-acuaticos-de-montana-de-picos-de-europa\\\/#primaryimage\"},\"image\":{\"@id\":\"https:\\\/\\\/lifedivaqua.com\\\/en\\\/visita-de-seguimiento-a-los-ecosistemas-acuaticos-de-montana-de-picos-de-europa\\\/#primaryimage\"},\"thumbnailUrl\":\"https:\\\/\\\/lifedivaqua.com\\\/wp-content\\\/uploads\\\/2021\\\/06\\\/Visita-Junio-2021_2.jpeg\",\"datePublished\":\"2021-06-04T07:47:34+00:00\",\"dateModified\":\"2022-08-01T20:12:28+00:00\",\"author\":{\"@id\":\"https:\\\/\\\/lifedivaqua.com\\\/#\\\/schema\\\/person\\\/450d8a0aed043f1b7ae8d2e0e39952a6\"},\"description\":\"Jornadas t\u00e9cnicas de seguimiento del programa LIFE en Picos de Europa a trav\u00e9s de las actuaciones de LIFE DIVAQUA en ecosistemas acu\u00e1ticos.\",\"breadcrumb\":{\"@id\":\"https:\\\/\\\/lifedivaqua.com\\\/en\\\/visita-de-seguimiento-a-los-ecosistemas-acuaticos-de-montana-de-picos-de-europa\\\/#breadcrumb\"},\"inLanguage\":\"en-US\",\"potentialAction\":[{\"@type\":\"ReadAction\",\"target\":[\"https:\\\/\\\/lifedivaqua.com\\\/en\\\/visita-de-seguimiento-a-los-ecosistemas-acuaticos-de-montana-de-picos-de-europa\\\/\"]}]},{\"@type\":\"ImageObject\",\"inLanguage\":\"en-US\",\"@id\":\"https:\\\/\\\/lifedivaqua.com\\\/en\\\/visita-de-seguimiento-a-los-ecosistemas-acuaticos-de-montana-de-picos-de-europa\\\/#primaryimage\",\"url\":\"https:\\\/\\\/lifedivaqua.com\\\/wp-content\\\/uploads\\\/2021\\\/06\\\/Visita-Junio-2021_2.jpeg\",\"contentUrl\":\"https:\\\/\\\/lifedivaqua.com\\\/wp-content\\\/uploads\\\/2021\\\/06\\\/Visita-Junio-2021_2.jpeg\",\"width\":1600,\"height\":1200,\"caption\":\"Seguimiento actuaciones DIVAQUA en cuencas fluviales de Picos de Europa\"},{\"@type\":\"BreadcrumbList\",\"@id\":\"https:\\\/\\\/lifedivaqua.com\\\/en\\\/visita-de-seguimiento-a-los-ecosistemas-acuaticos-de-montana-de-picos-de-europa\\\/#breadcrumb\",\"itemListElement\":[{\"@type\":\"ListItem\",\"position\":1,\"name\":\"Home\",\"item\":\"https:\\\/\\\/lifedivaqua.com\\\/en\\\/\"},{\"@type\":\"ListItem\",\"position\":2,\"name\":\"AVANZAMOS POR LA RED NATURA 2000\"}]},{\"@type\":\"WebSite\",\"@id\":\"https:\\\/\\\/lifedivaqua.com\\\/#website\",\"url\":\"https:\\\/\\\/lifedivaqua.com\\\/\",\"name\":\"Mejorando la Diversidad Acuatica en Picos de Europa\",\"description\":\"DIVAQUA\",\"potentialAction\":[{\"@type\":\"SearchAction\",\"target\":{\"@type\":\"EntryPoint\",\"urlTemplate\":\"https:\\\/\\\/lifedivaqua.com\\\/?s={search_term_string}\"},\"query-input\":{\"@type\":\"PropertyValueSpecification\",\"valueRequired\":true,\"valueName\":\"search_term_string\"}}],\"inLanguage\":\"en-US\"},{\"@type\":\"Person\",\"@id\":\"https:\\\/\\\/lifedivaqua.com\\\/#\\\/schema\\\/person\\\/450d8a0aed043f1b7ae8d2e0e39952a6\",\"name\":\"Mar Ram\u00edrez\",\"image\":{\"@type\":\"ImageObject\",\"inLanguage\":\"en-US\",\"@id\":\"https:\\\/\\\/secure.gravatar.com\\\/avatar\\\/5bedcb7de6a52347e42394dec9ede8930ff08ef7d9b9be9fc5eb0384eed24bb7?s=96&d=mm&r=g\",\"url\":\"https:\\\/\\\/secure.gravatar.com\\\/avatar\\\/5bedcb7de6a52347e42394dec9ede8930ff08ef7d9b9be9fc5eb0384eed24bb7?s=96&d=mm&r=g\",\"contentUrl\":\"https:\\\/\\\/secure.gravatar.com\\\/avatar\\\/5bedcb7de6a52347e42394dec9ede8930ff08ef7d9b9be9fc5eb0384eed24bb7?s=96&d=mm&r=g\",\"caption\":\"Mar Ram\u00edrez\"},\"url\":\"https:\\\/\\\/lifedivaqua.com\\\/en\\\/author\\\/mar_divaqua\\\/\"}]}<\/script>\n<!-- \/ Yoast SEO plugin. -->","yoast_head_json":{"title":"AVANZAMOS POR LA RED NATURA 2000 - Mejorando la Diversidad Acuatica en Picos de Europa","description":"Jornadas t\u00e9cnicas de seguimiento del programa LIFE en Picos de Europa a trav\u00e9s de las actuaciones de LIFE DIVAQUA en ecosistemas acu\u00e1ticos.","robots":{"index":"index","follow":"follow","max-snippet":"max-snippet:-1","max-image-preview":"max-image-preview:large","max-video-preview":"max-video-preview:-1"},"canonical":"https:\/\/lifedivaqua.com\/en\/visita-de-seguimiento-a-los-ecosistemas-acuaticos-de-montana-de-picos-de-europa\/","og_locale":"en_US","og_type":"article","og_title":"AVANZAMOS POR LA RED NATURA 2000 - Mejorando la Diversidad Acuatica en Picos de Europa","og_description":"Jornadas t\u00e9cnicas de seguimiento del programa LIFE en Picos de Europa a trav\u00e9s de las actuaciones de LIFE DIVAQUA en ecosistemas acu\u00e1ticos.","og_url":"https:\/\/lifedivaqua.com\/en\/visita-de-seguimiento-a-los-ecosistemas-acuaticos-de-montana-de-picos-de-europa\/","og_site_name":"Mejorando la Diversidad Acuatica en Picos de Europa","article_published_time":"2021-06-04T07:47:34+00:00","article_modified_time":"2022-08-01T20:12:28+00:00","og_image":[{"width":1600,"height":1200,"url":"https:\/\/lifedivaqua.com\/wp-content\/uploads\/2021\/06\/Visita-Junio-2021_2.jpeg","type":"image\/jpeg"}],"author":"Mar Ram\u00edrez","twitter_card":"summary_large_image","twitter_misc":{"Written by":"Mar Ram\u00edrez","Est. reading time":"3 minutes"},"schema":{"@context":"https:\/\/schema.org","@graph":[{"@type":"Article","@id":"https:\/\/lifedivaqua.com\/en\/visita-de-seguimiento-a-los-ecosistemas-acuaticos-de-montana-de-picos-de-europa\/#article","isPartOf":{"@id":"https:\/\/lifedivaqua.com\/en\/visita-de-seguimiento-a-los-ecosistemas-acuaticos-de-montana-de-picos-de-europa\/"},"author":{"name":"Mar Ram\u00edrez","@id":"https:\/\/lifedivaqua.com\/#\/schema\/person\/450d8a0aed043f1b7ae8d2e0e39952a6"},"headline":"AVANZAMOS POR LA RED NATURA 2000","datePublished":"2021-06-04T07:47:34+00:00","dateModified":"2022-08-01T20:12:28+00:00","mainEntityOfPage":{"@id":"https:\/\/lifedivaqua.com\/en\/visita-de-seguimiento-a-los-ecosistemas-acuaticos-de-montana-de-picos-de-europa\/"},"wordCount":534,"commentCount":0,"image":{"@id":"https:\/\/lifedivaqua.com\/en\/visita-de-seguimiento-a-los-ecosistemas-acuaticos-de-montana-de-picos-de-europa\/#primaryimage"},"thumbnailUrl":"https:\/\/lifedivaqua.com\/wp-content\/uploads\/2021\/06\/Visita-Junio-2021_2.jpeg","keywords":["ecosistemas acu\u00e1ticos","LIFE programme","Picos de Europa","r\u00edo Cares","r\u00edo Deva"],"articleSection":["Noticias"],"inLanguage":"en-US","potentialAction":[{"@type":"CommentAction","name":"Comment","target":["https:\/\/lifedivaqua.com\/en\/visita-de-seguimiento-a-los-ecosistemas-acuaticos-de-montana-de-picos-de-europa\/#respond"]}]},{"@type":"WebPage","@id":"https:\/\/lifedivaqua.com\/en\/visita-de-seguimiento-a-los-ecosistemas-acuaticos-de-montana-de-picos-de-europa\/","url":"https:\/\/lifedivaqua.com\/en\/visita-de-seguimiento-a-los-ecosistemas-acuaticos-de-montana-de-picos-de-europa\/","name":"AVANZAMOS POR LA RED NATURA 2000 - Mejorando la Diversidad Acuatica en Picos de Europa","isPartOf":{"@id":"https:\/\/lifedivaqua.com\/#website"},"primaryImageOfPage":{"@id":"https:\/\/lifedivaqua.com\/en\/visita-de-seguimiento-a-los-ecosistemas-acuaticos-de-montana-de-picos-de-europa\/#primaryimage"},"image":{"@id":"https:\/\/lifedivaqua.com\/en\/visita-de-seguimiento-a-los-ecosistemas-acuaticos-de-montana-de-picos-de-europa\/#primaryimage"},"thumbnailUrl":"https:\/\/lifedivaqua.com\/wp-content\/uploads\/2021\/06\/Visita-Junio-2021_2.jpeg","datePublished":"2021-06-04T07:47:34+00:00","dateModified":"2022-08-01T20:12:28+00:00","author":{"@id":"https:\/\/lifedivaqua.com\/#\/schema\/person\/450d8a0aed043f1b7ae8d2e0e39952a6"},"description":"Jornadas t\u00e9cnicas de seguimiento del programa LIFE en Picos de Europa a trav\u00e9s de las actuaciones de LIFE DIVAQUA en ecosistemas acu\u00e1ticos.","breadcrumb":{"@id":"https:\/\/lifedivaqua.com\/en\/visita-de-seguimiento-a-los-ecosistemas-acuaticos-de-montana-de-picos-de-europa\/#breadcrumb"},"inLanguage":"en-US","potentialAction":[{"@type":"ReadAction","target":["https:\/\/lifedivaqua.com\/en\/visita-de-seguimiento-a-los-ecosistemas-acuaticos-de-montana-de-picos-de-europa\/"]}]},{"@type":"ImageObject","inLanguage":"en-US","@id":"https:\/\/lifedivaqua.com\/en\/visita-de-seguimiento-a-los-ecosistemas-acuaticos-de-montana-de-picos-de-europa\/#primaryimage","url":"https:\/\/lifedivaqua.com\/wp-content\/uploads\/2021\/06\/Visita-Junio-2021_2.jpeg","contentUrl":"https:\/\/lifedivaqua.com\/wp-content\/uploads\/2021\/06\/Visita-Junio-2021_2.jpeg","width":1600,"height":1200,"caption":"Seguimiento actuaciones DIVAQUA en cuencas fluviales de Picos de Europa"},{"@type":"BreadcrumbList","@id":"https:\/\/lifedivaqua.com\/en\/visita-de-seguimiento-a-los-ecosistemas-acuaticos-de-montana-de-picos-de-europa\/#breadcrumb","itemListElement":[{"@type":"ListItem","position":1,"name":"Home","item":"https:\/\/lifedivaqua.com\/en\/"},{"@type":"ListItem","position":2,"name":"AVANZAMOS POR LA RED NATURA 2000"}]},{"@type":"WebSite","@id":"https:\/\/lifedivaqua.com\/#website","url":"https:\/\/lifedivaqua.com\/","name":"Mejorando la Diversidad Acuatica en Picos de Europa","description":"DIVAQUA","potentialAction":[{"@type":"SearchAction","target":{"@type":"EntryPoint","urlTemplate":"https:\/\/lifedivaqua.com\/?s={search_term_string}"},"query-input":{"@type":"PropertyValueSpecification","valueRequired":true,"valueName":"search_term_string"}}],"inLanguage":"en-US"},{"@type":"Person","@id":"https:\/\/lifedivaqua.com\/#\/schema\/person\/450d8a0aed043f1b7ae8d2e0e39952a6","name":"Mar Ram\u00edrez","image":{"@type":"ImageObject","inLanguage":"en-US","@id":"https:\/\/secure.gravatar.com\/avatar\/5bedcb7de6a52347e42394dec9ede8930ff08ef7d9b9be9fc5eb0384eed24bb7?s=96&d=mm&r=g","url":"https:\/\/secure.gravatar.com\/avatar\/5bedcb7de6a52347e42394dec9ede8930ff08ef7d9b9be9fc5eb0384eed24bb7?s=96&d=mm&r=g","contentUrl":"https:\/\/secure.gravatar.com\/avatar\/5bedcb7de6a52347e42394dec9ede8930ff08ef7d9b9be9fc5eb0384eed24bb7?s=96&d=mm&r=g","caption":"Mar Ram\u00edrez"},"url":"https:\/\/lifedivaqua.com\/en\/author\/mar_divaqua\/"}]}},"_links":{"self":[{"href":"https:\/\/lifedivaqua.com\/en\/wp-json\/wp\/v2\/posts\/1087","targetHints":{"allow":["GET"]}}],"collection":[{"href":"https:\/\/lifedivaqua.com\/en\/wp-json\/wp\/v2\/posts"}],"about":[{"href":"https:\/\/lifedivaqua.com\/en\/wp-json\/wp\/v2\/types\/post"}],"author":[{"embeddable":true,"href":"https:\/\/lifedivaqua.com\/en\/wp-json\/wp\/v2\/users\/3"}],"replies":[{"embeddable":true,"href":"https:\/\/lifedivaqua.com\/en\/wp-json\/wp\/v2\/comments?post=1087"}],"version-history":[{"count":4,"href":"https:\/\/lifedivaqua.com\/en\/wp-json\/wp\/v2\/posts\/1087\/revisions"}],"predecessor-version":[{"id":1715,"href":"https:\/\/lifedivaqua.com\/en\/wp-json\/wp\/v2\/posts\/1087\/revisions\/1715"}],"wp:featuredmedia":[{"embeddable":true,"href":"https:\/\/lifedivaqua.com\/en\/wp-json\/wp\/v2\/media\/1078"}],"wp:attachment":[{"href":"https:\/\/lifedivaqua.com\/en\/wp-json\/wp\/v2\/media?parent=1087"}],"wp:term":[{"taxonomy":"category","embeddable":true,"href":"https:\/\/lifedivaqua.com\/en\/wp-json\/wp\/v2\/categories?post=1087"},{"taxonomy":"post_tag","embeddable":true,"href":"https:\/\/lifedivaqua.com\/en\/wp-json\/wp\/v2\/tags?post=1087"}],"curies":[{"name":"wp","href":"https:\/\/api.w.org\/{rel}","templated":true}]}}