{"id":1041,"date":"2021-04-30T11:21:53","date_gmt":"2021-04-30T10:21:53","guid":{"rendered":"https:\/\/lifedivaqua.com\/el-helecho-woodwardia-radicans-amplia-territorio-en-el-area-divaqua\/"},"modified":"2022-08-01T21:11:02","modified_gmt":"2022-08-01T20:11:02","slug":"el-helecho-woodwardia-radicans-amplia-territorio-en-el-area-divaqua","status":"publish","type":"post","link":"https:\/\/lifedivaqua.com\/en\/el-helecho-woodwardia-radicans-amplia-territorio-en-el-area-divaqua\/","title":{"rendered":"El helecho Woodwardia radicans amplia territorio en el \u00e1rea DIVAQUA"},"content":{"rendered":"\n<h2 class=\"wp-block-heading\"><em><strong>Con el objetivo de crear nuevas colonias de este helecho de Inter\u00e9s Comunitario, en el marco del LIFE DIVAQUA, con los 140 bulbilos de la especie que se tomaron en 4 colonias naturales y que actualmente se hallan en fase de germinaci\u00f3n, se han seleccionado 6 enclaves en las cuencas fluviales del Sella y el Deva-Cares para su reintroducci\u00f3n en el medio natural.<\/strong><\/em><\/h2>\n\n\n\n<p><\/p>\n\n\n\n<p>El helecho <em>Woodwardia radicans <\/em>es una especie de Inter\u00e9s Comunitario, por lo que est\u00e1 protegida por la legislaci\u00f3n ambiental europea (Directiva H\u00e1bitats). Con el objetivo incrementar su tama\u00f1o poblacional en el \u00e1rea DIVAQUA, <a href=\"https:\/\/lifedivaqua.com\/en\/recoleccion-de-bulbilos-del-helecho-woodwardia-radicans\/\" target=\"_blank\" rel=\"noreferrer noopener\">el pasado oto\u00f1o se recolectaron 140 bulbilos en 4 colonias naturales de Cantabria<\/a>. Los bulbilos son estructuras de reproducci\u00f3n vegetativa que desarrolla esta especie y cuya recolecci\u00f3n no afecta negativamente a la planta que los origina.<\/p>\n\n\n\n<p>Una vez recolectados, los bulbilos se enviaron al vivero de Angel Covelo para facilitar su germinaci\u00f3n en condiciones controladas, contando, a d\u00eda de hoy, con 98 bulbilos germinados. Se prev\u00e9 que su estancia en el vivero se mantenga hasta finales de verano, cuando los j\u00f3venes ejemplares de helecho ser\u00e1n plantados en localizaciones preseleccionadas de Asturias y Cantabria dentro del \u00e1rea DIVAQUA.<\/p>\n\n\n\n<p><\/p>\n\n\n\n<h3 class=\"wp-block-heading\">El helecho m\u00e1s grande de Europa<\/h3>\n\n\n\n<p>Para elegir estas localizaciones se ha definido un \u00e1rea de distribuci\u00f3n potencial para esta especie en el \u00e1rea DIVAQUA, esto es, la zona de este espacio que, a priori, muestra buenas condiciones ambientales para el desarrollo de este helecho. Para ello, se ha definido la zona del espacio DIVAQUA que, estando a una altitud inferior a 565 metros, en laderas no orientadas al sur, cuenta con la presencia de bosque caducifolio t\u00edpicamente atl\u00e1ntico (avellanedas, alisedas, hayedos, etc.).<\/p>\n\n\n\n<p>Una vez definido este espacio, y consensuado las localizaciones preseleccionadas con el personal responsable de las comunidades aut\u00f3nomas de Asturias y Cantabria, se ha realizado una salida de campo para verificar la idoneidad de dichas localizaciones, comprobando en el terreno las condiciones observadas previamente en los modelos de cartograf\u00eda de vegetaci\u00f3n empleados. Tambi\u00e9n se ha observado que dichas ubicaciones no presentan riesgos para el desarrollo de las futuras colonias, principalmente asociados al ramoneo y pisoteo del ganado.<\/p>\n\n\n\n<figure class=\"wp-block-image size-large\"><img loading=\"lazy\" decoding=\"async\" width=\"1024\" height=\"768\" src=\"https:\/\/lifedivaqua.com\/wp-content\/uploads\/2021\/04\/IMG_20210426_104509_Taranes_rioPonga_Asturias-1024x768.jpg\" alt=\"Una de las localizaciones potencialmente aptas\" class=\"wp-image-1008\" srcset=\"https:\/\/lifedivaqua.com\/wp-content\/uploads\/2021\/04\/IMG_20210426_104509_Taranes_rioPonga_Asturias-1024x768.jpg 1024w, https:\/\/lifedivaqua.com\/wp-content\/uploads\/2021\/04\/IMG_20210426_104509_Taranes_rioPonga_Asturias-300x225.jpg 300w, https:\/\/lifedivaqua.com\/wp-content\/uploads\/2021\/04\/IMG_20210426_104509_Taranes_rioPonga_Asturias-768x576.jpg 768w, https:\/\/lifedivaqua.com\/wp-content\/uploads\/2021\/04\/IMG_20210426_104509_Taranes_rioPonga_Asturias-1536x1152.jpg 1536w, https:\/\/lifedivaqua.com\/wp-content\/uploads\/2021\/04\/IMG_20210426_104509_Taranes_rioPonga_Asturias-2048x1536.jpg 2048w, https:\/\/lifedivaqua.com\/wp-content\/uploads\/2021\/04\/IMG_20210426_104509_Taranes_rioPonga_Asturias-800x600.jpg 800w, https:\/\/lifedivaqua.com\/wp-content\/uploads\/2021\/04\/IMG_20210426_104509_Taranes_rioPonga_Asturias-700x525.jpg 700w, https:\/\/lifedivaqua.com\/wp-content\/uploads\/2021\/04\/IMG_20210426_104509_Taranes_rioPonga_Asturias-1320x990.jpg 1320w\" sizes=\"auto, (max-width: 1024px) 100vw, 1024px\" \/><figcaption>Una de las zonas potencialmente aptas para albergar nuevas colonias de Woodwardia radicans<\/figcaption><\/figure>\n\n\n\n<p>De este modo el helecho cuyas hojas o frondes pueden alcanzar hasta 3 metros de longitud, que lo sit\u00faan entre los m\u00e1s grandes de Europa, gracias a los bulbilos recolectados y germinados con \u00e9xito ha encontrado un nuevo entorno natural donde crecer gracias al trabajo de campo realizado. Una vez consensuada dicha ubicaci\u00f3n con las administraciones regionales dar\u00e1 lugar a que, a finales del verano, las nuevas colonias sean plantadas y con ello comiencen a formar parte de la naturaleza de monta\u00f1a en cuya restauraci\u00f3n y mejora trabaja LIFE DIVAQUA.<\/p>\n\n\n\n<p><\/p>\n\n\n\n<h3 class=\"wp-block-heading\">Unidos por la biodiversidad en Picos de Europa<\/h3>\n\n\n\n<p>Las actuaciones de LIFE DIVAQUA se enfocan en mantener y mejorar, seg\u00fan el caso, el estado de conservaci\u00f3n de los h\u00e1bitats y las especies de Inter\u00e9s Comunitario en los ecosistemas acu\u00e1ticos de las cuencas de los r\u00edos Deva-Cares y Sella. En el proyecto europeo, coordinado por la <a href=\"https:\/\/web.unican.es\/\" target=\"_blank\" rel=\"noreferrer noopener\">Universidad de Cantabria<\/a>, participan <a href=\"https:\/\/redcambera.org\/\" target=\"_blank\" rel=\"noreferrer noopener\">Red Cambera<\/a>,&nbsp;<a href=\"https:\/\/www.csic.es\/\" target=\"_blank\" rel=\"noreferrer noopener\">Consejo Superior de Investigaciones Cient\u00edficas (CSIC)<\/a>,&nbsp;<a href=\"https:\/\/www.itagra.com\/\" target=\"_blank\" rel=\"noreferrer noopener\">Centro Tecnol\u00f3gico Agrario y Agroalimentario Itagra.CT<\/a>,&nbsp;<a href=\"https:\/\/www.repsol.es\/es\/index.cshtml\" target=\"_blank\" rel=\"noreferrer noopener\">Repsol<\/a>,&nbsp;<a href=\"https:\/\/fundacionih.es\/\" target=\"_blank\" rel=\"noreferrer noopener\">Fundaci\u00f3n Instituto de Hidr\u00e1ulica Ambiental Cantabria&nbsp;<\/a>y los Gobiernos auton\u00f3micos del&nbsp;<a href=\"http:\/\/movil.asturias.es\/\" target=\"_blank\" rel=\"noreferrer noopener\">Principado de Asturias<\/a>&nbsp;y la&nbsp;<a href=\"https:\/\/www.jcyl.es\/\" target=\"_blank\" rel=\"noreferrer noopener\">Junta de Castilla y Le\u00f3n<\/a>. Cuenta con la cofinanciaci\u00f3n de la&nbsp;<a href=\"https:\/\/www.cantabria.es\/web\/consejeria-de-desarrollo-rural-ganaderia-pesca-y-biodiversidad\" target=\"_blank\" rel=\"noreferrer noopener\">Consejer\u00eda de Desarrollo Rural, Ganader\u00eda, Pesca, Alimentaci\u00f3n y Medio Ambiente del Gobierno de Cantabria<\/a>&nbsp;y&nbsp;<a href=\"https:\/\/www.navarrosic.com\/\" target=\"_blank\" rel=\"noreferrer noopener\">Navarro Generaci\u00f3n<\/a>.<\/p>\n\n\n\n<p><\/p>\n","protected":false},"excerpt":{"rendered":"<p>Con el objetivo de crear nuevas colonias de este helecho de Inter\u00e9s Comunitario, en el marco del LIFE DIVAQUA, con los 140 bulbilos de la especie que se tomaron en 4 colonias naturales y que actualmente se hallan en fase de germinaci\u00f3n, se han seleccionado&#8230;<\/p>\n","protected":false},"author":3,"featured_media":1007,"comment_status":"open","ping_status":"closed","sticky":false,"template":"","format":"standard","meta":{"footnotes":""},"categories":[31],"tags":[134,32,33,106,145,42],"class_list":["post-1041","post","type-post","status-publish","format-standard","has-post-thumbnail","hentry","category-noticias-en","tag-helecho-woodwardia-radicans-en","tag-life-divaqua-en","tag-picos-de-europa-en","tag-programa-life-en","tag-restauracion-ambiental-en","tag-restauracion-fluvial-en"],"yoast_head":"<!-- This site is optimized with the Yoast SEO plugin v27.4 - https:\/\/yoast.com\/product\/yoast-seo-wordpress\/ -->\n<title>El helecho Woodwardia radicans amplia territorio en el \u00e1rea DIVAQUA - Mejorando la Diversidad Acuatica en Picos de Europa<\/title>\n<meta name=\"description\" content=\"Nuevas poblaciones del helecho Woodwardia radicans ser\u00e1n plantadas cerca de cursos fluviales de Picos de Europa.\" \/>\n<meta name=\"robots\" content=\"index, follow, max-snippet:-1, max-image-preview:large, max-video-preview:-1\" \/>\n<link rel=\"canonical\" href=\"https:\/\/lifedivaqua.com\/en\/el-helecho-woodwardia-radicans-amplia-territorio-en-el-area-divaqua\/\" \/>\n<meta property=\"og:locale\" content=\"en_US\" \/>\n<meta property=\"og:type\" content=\"article\" \/>\n<meta property=\"og:title\" content=\"El helecho Woodwardia radicans amplia territorio en el \u00e1rea DIVAQUA - Mejorando la Diversidad Acuatica en Picos de Europa\" \/>\n<meta property=\"og:description\" content=\"Nuevas poblaciones del helecho Woodwardia radicans ser\u00e1n plantadas cerca de cursos fluviales de Picos de Europa.\" \/>\n<meta property=\"og:url\" content=\"https:\/\/lifedivaqua.com\/en\/el-helecho-woodwardia-radicans-amplia-territorio-en-el-area-divaqua\/\" \/>\n<meta property=\"og:site_name\" content=\"Mejorando la Diversidad Acuatica en Picos de Europa\" \/>\n<meta property=\"article:published_time\" content=\"2021-04-30T10:21:53+00:00\" \/>\n<meta property=\"article:modified_time\" content=\"2022-08-01T20:11:02+00:00\" \/>\n<meta property=\"og:image\" content=\"https:\/\/lifedivaqua.com\/wp-content\/uploads\/2021\/04\/Woodwardia_TinaMayor_2-scaled.jpg\" \/>\n\t<meta property=\"og:image:width\" content=\"2560\" \/>\n\t<meta property=\"og:image:height\" content=\"1920\" \/>\n\t<meta property=\"og:image:type\" content=\"image\/jpeg\" \/>\n<meta name=\"author\" content=\"Mar Ram\u00edrez\" \/>\n<meta name=\"twitter:card\" content=\"summary_large_image\" \/>\n<meta name=\"twitter:label1\" content=\"Written by\" \/>\n\t<meta name=\"twitter:data1\" content=\"Mar Ram\u00edrez\" \/>\n\t<meta name=\"twitter:label2\" content=\"Est. reading time\" \/>\n\t<meta name=\"twitter:data2\" content=\"3 minutes\" \/>\n<script type=\"application\/ld+json\" class=\"yoast-schema-graph\">{\"@context\":\"https:\\\/\\\/schema.org\",\"@graph\":[{\"@type\":\"Article\",\"@id\":\"https:\\\/\\\/lifedivaqua.com\\\/en\\\/el-helecho-woodwardia-radicans-amplia-territorio-en-el-area-divaqua\\\/#article\",\"isPartOf\":{\"@id\":\"https:\\\/\\\/lifedivaqua.com\\\/en\\\/el-helecho-woodwardia-radicans-amplia-territorio-en-el-area-divaqua\\\/\"},\"author\":{\"name\":\"Mar Ram\u00edrez\",\"@id\":\"https:\\\/\\\/lifedivaqua.com\\\/#\\\/schema\\\/person\\\/450d8a0aed043f1b7ae8d2e0e39952a6\"},\"headline\":\"El helecho Woodwardia radicans amplia territorio en el \u00e1rea DIVAQUA\",\"datePublished\":\"2021-04-30T10:21:53+00:00\",\"dateModified\":\"2022-08-01T20:11:02+00:00\",\"mainEntityOfPage\":{\"@id\":\"https:\\\/\\\/lifedivaqua.com\\\/en\\\/el-helecho-woodwardia-radicans-amplia-territorio-en-el-area-divaqua\\\/\"},\"wordCount\":632,\"commentCount\":0,\"image\":{\"@id\":\"https:\\\/\\\/lifedivaqua.com\\\/en\\\/el-helecho-woodwardia-radicans-amplia-territorio-en-el-area-divaqua\\\/#primaryimage\"},\"thumbnailUrl\":\"https:\\\/\\\/lifedivaqua.com\\\/wp-content\\\/uploads\\\/2021\\\/04\\\/Woodwardia_TinaMayor_2-scaled.jpg\",\"keywords\":[\"helecho Woodwardia radicans\",\"LIFE Divaqua\",\"Picos de Europa\",\"programa LIFE\",\"restauraci\u00f3n ambiental\",\"restauraci\u00f3n fluvial\"],\"articleSection\":[\"Noticias\"],\"inLanguage\":\"en-US\",\"potentialAction\":[{\"@type\":\"CommentAction\",\"name\":\"Comment\",\"target\":[\"https:\\\/\\\/lifedivaqua.com\\\/en\\\/el-helecho-woodwardia-radicans-amplia-territorio-en-el-area-divaqua\\\/#respond\"]}]},{\"@type\":\"WebPage\",\"@id\":\"https:\\\/\\\/lifedivaqua.com\\\/en\\\/el-helecho-woodwardia-radicans-amplia-territorio-en-el-area-divaqua\\\/\",\"url\":\"https:\\\/\\\/lifedivaqua.com\\\/en\\\/el-helecho-woodwardia-radicans-amplia-territorio-en-el-area-divaqua\\\/\",\"name\":\"El helecho Woodwardia radicans amplia territorio en el \u00e1rea DIVAQUA - Mejorando la Diversidad Acuatica en Picos de Europa\",\"isPartOf\":{\"@id\":\"https:\\\/\\\/lifedivaqua.com\\\/#website\"},\"primaryImageOfPage\":{\"@id\":\"https:\\\/\\\/lifedivaqua.com\\\/en\\\/el-helecho-woodwardia-radicans-amplia-territorio-en-el-area-divaqua\\\/#primaryimage\"},\"image\":{\"@id\":\"https:\\\/\\\/lifedivaqua.com\\\/en\\\/el-helecho-woodwardia-radicans-amplia-territorio-en-el-area-divaqua\\\/#primaryimage\"},\"thumbnailUrl\":\"https:\\\/\\\/lifedivaqua.com\\\/wp-content\\\/uploads\\\/2021\\\/04\\\/Woodwardia_TinaMayor_2-scaled.jpg\",\"datePublished\":\"2021-04-30T10:21:53+00:00\",\"dateModified\":\"2022-08-01T20:11:02+00:00\",\"author\":{\"@id\":\"https:\\\/\\\/lifedivaqua.com\\\/#\\\/schema\\\/person\\\/450d8a0aed043f1b7ae8d2e0e39952a6\"},\"description\":\"Nuevas poblaciones del helecho Woodwardia radicans ser\u00e1n plantadas cerca de cursos fluviales de Picos de Europa.\",\"breadcrumb\":{\"@id\":\"https:\\\/\\\/lifedivaqua.com\\\/en\\\/el-helecho-woodwardia-radicans-amplia-territorio-en-el-area-divaqua\\\/#breadcrumb\"},\"inLanguage\":\"en-US\",\"potentialAction\":[{\"@type\":\"ReadAction\",\"target\":[\"https:\\\/\\\/lifedivaqua.com\\\/en\\\/el-helecho-woodwardia-radicans-amplia-territorio-en-el-area-divaqua\\\/\"]}]},{\"@type\":\"ImageObject\",\"inLanguage\":\"en-US\",\"@id\":\"https:\\\/\\\/lifedivaqua.com\\\/en\\\/el-helecho-woodwardia-radicans-amplia-territorio-en-el-area-divaqua\\\/#primaryimage\",\"url\":\"https:\\\/\\\/lifedivaqua.com\\\/wp-content\\\/uploads\\\/2021\\\/04\\\/Woodwardia_TinaMayor_2-scaled.jpg\",\"contentUrl\":\"https:\\\/\\\/lifedivaqua.com\\\/wp-content\\\/uploads\\\/2021\\\/04\\\/Woodwardia_TinaMayor_2-scaled.jpg\",\"width\":2560,\"height\":1920,\"caption\":\"Helecho Woodwardia radicans\"},{\"@type\":\"BreadcrumbList\",\"@id\":\"https:\\\/\\\/lifedivaqua.com\\\/en\\\/el-helecho-woodwardia-radicans-amplia-territorio-en-el-area-divaqua\\\/#breadcrumb\",\"itemListElement\":[{\"@type\":\"ListItem\",\"position\":1,\"name\":\"Home\",\"item\":\"https:\\\/\\\/lifedivaqua.com\\\/en\\\/\"},{\"@type\":\"ListItem\",\"position\":2,\"name\":\"El helecho Woodwardia radicans amplia territorio en el \u00e1rea DIVAQUA\"}]},{\"@type\":\"WebSite\",\"@id\":\"https:\\\/\\\/lifedivaqua.com\\\/#website\",\"url\":\"https:\\\/\\\/lifedivaqua.com\\\/\",\"name\":\"Mejorando la Diversidad Acuatica en Picos de Europa\",\"description\":\"DIVAQUA\",\"potentialAction\":[{\"@type\":\"SearchAction\",\"target\":{\"@type\":\"EntryPoint\",\"urlTemplate\":\"https:\\\/\\\/lifedivaqua.com\\\/?s={search_term_string}\"},\"query-input\":{\"@type\":\"PropertyValueSpecification\",\"valueRequired\":true,\"valueName\":\"search_term_string\"}}],\"inLanguage\":\"en-US\"},{\"@type\":\"Person\",\"@id\":\"https:\\\/\\\/lifedivaqua.com\\\/#\\\/schema\\\/person\\\/450d8a0aed043f1b7ae8d2e0e39952a6\",\"name\":\"Mar Ram\u00edrez\",\"image\":{\"@type\":\"ImageObject\",\"inLanguage\":\"en-US\",\"@id\":\"https:\\\/\\\/secure.gravatar.com\\\/avatar\\\/5bedcb7de6a52347e42394dec9ede8930ff08ef7d9b9be9fc5eb0384eed24bb7?s=96&d=mm&r=g\",\"url\":\"https:\\\/\\\/secure.gravatar.com\\\/avatar\\\/5bedcb7de6a52347e42394dec9ede8930ff08ef7d9b9be9fc5eb0384eed24bb7?s=96&d=mm&r=g\",\"contentUrl\":\"https:\\\/\\\/secure.gravatar.com\\\/avatar\\\/5bedcb7de6a52347e42394dec9ede8930ff08ef7d9b9be9fc5eb0384eed24bb7?s=96&d=mm&r=g\",\"caption\":\"Mar Ram\u00edrez\"},\"url\":\"https:\\\/\\\/lifedivaqua.com\\\/en\\\/author\\\/mar_divaqua\\\/\"}]}<\/script>\n<!-- \/ Yoast SEO plugin. -->","yoast_head_json":{"title":"El helecho Woodwardia radicans amplia territorio en el \u00e1rea DIVAQUA - Mejorando la Diversidad Acuatica en Picos de Europa","description":"Nuevas poblaciones del helecho Woodwardia radicans ser\u00e1n plantadas cerca de cursos fluviales de Picos de Europa.","robots":{"index":"index","follow":"follow","max-snippet":"max-snippet:-1","max-image-preview":"max-image-preview:large","max-video-preview":"max-video-preview:-1"},"canonical":"https:\/\/lifedivaqua.com\/en\/el-helecho-woodwardia-radicans-amplia-territorio-en-el-area-divaqua\/","og_locale":"en_US","og_type":"article","og_title":"El helecho Woodwardia radicans amplia territorio en el \u00e1rea DIVAQUA - Mejorando la Diversidad Acuatica en Picos de Europa","og_description":"Nuevas poblaciones del helecho Woodwardia radicans ser\u00e1n plantadas cerca de cursos fluviales de Picos de Europa.","og_url":"https:\/\/lifedivaqua.com\/en\/el-helecho-woodwardia-radicans-amplia-territorio-en-el-area-divaqua\/","og_site_name":"Mejorando la Diversidad Acuatica en Picos de Europa","article_published_time":"2021-04-30T10:21:53+00:00","article_modified_time":"2022-08-01T20:11:02+00:00","og_image":[{"width":2560,"height":1920,"url":"https:\/\/lifedivaqua.com\/wp-content\/uploads\/2021\/04\/Woodwardia_TinaMayor_2-scaled.jpg","type":"image\/jpeg"}],"author":"Mar Ram\u00edrez","twitter_card":"summary_large_image","twitter_misc":{"Written by":"Mar Ram\u00edrez","Est. reading time":"3 minutes"},"schema":{"@context":"https:\/\/schema.org","@graph":[{"@type":"Article","@id":"https:\/\/lifedivaqua.com\/en\/el-helecho-woodwardia-radicans-amplia-territorio-en-el-area-divaqua\/#article","isPartOf":{"@id":"https:\/\/lifedivaqua.com\/en\/el-helecho-woodwardia-radicans-amplia-territorio-en-el-area-divaqua\/"},"author":{"name":"Mar Ram\u00edrez","@id":"https:\/\/lifedivaqua.com\/#\/schema\/person\/450d8a0aed043f1b7ae8d2e0e39952a6"},"headline":"El helecho Woodwardia radicans amplia territorio en el \u00e1rea DIVAQUA","datePublished":"2021-04-30T10:21:53+00:00","dateModified":"2022-08-01T20:11:02+00:00","mainEntityOfPage":{"@id":"https:\/\/lifedivaqua.com\/en\/el-helecho-woodwardia-radicans-amplia-territorio-en-el-area-divaqua\/"},"wordCount":632,"commentCount":0,"image":{"@id":"https:\/\/lifedivaqua.com\/en\/el-helecho-woodwardia-radicans-amplia-territorio-en-el-area-divaqua\/#primaryimage"},"thumbnailUrl":"https:\/\/lifedivaqua.com\/wp-content\/uploads\/2021\/04\/Woodwardia_TinaMayor_2-scaled.jpg","keywords":["helecho Woodwardia radicans","LIFE Divaqua","Picos de Europa","programa LIFE","restauraci\u00f3n ambiental","restauraci\u00f3n fluvial"],"articleSection":["Noticias"],"inLanguage":"en-US","potentialAction":[{"@type":"CommentAction","name":"Comment","target":["https:\/\/lifedivaqua.com\/en\/el-helecho-woodwardia-radicans-amplia-territorio-en-el-area-divaqua\/#respond"]}]},{"@type":"WebPage","@id":"https:\/\/lifedivaqua.com\/en\/el-helecho-woodwardia-radicans-amplia-territorio-en-el-area-divaqua\/","url":"https:\/\/lifedivaqua.com\/en\/el-helecho-woodwardia-radicans-amplia-territorio-en-el-area-divaqua\/","name":"El helecho Woodwardia radicans amplia territorio en el \u00e1rea DIVAQUA - Mejorando la Diversidad Acuatica en Picos de Europa","isPartOf":{"@id":"https:\/\/lifedivaqua.com\/#website"},"primaryImageOfPage":{"@id":"https:\/\/lifedivaqua.com\/en\/el-helecho-woodwardia-radicans-amplia-territorio-en-el-area-divaqua\/#primaryimage"},"image":{"@id":"https:\/\/lifedivaqua.com\/en\/el-helecho-woodwardia-radicans-amplia-territorio-en-el-area-divaqua\/#primaryimage"},"thumbnailUrl":"https:\/\/lifedivaqua.com\/wp-content\/uploads\/2021\/04\/Woodwardia_TinaMayor_2-scaled.jpg","datePublished":"2021-04-30T10:21:53+00:00","dateModified":"2022-08-01T20:11:02+00:00","author":{"@id":"https:\/\/lifedivaqua.com\/#\/schema\/person\/450d8a0aed043f1b7ae8d2e0e39952a6"},"description":"Nuevas poblaciones del helecho Woodwardia radicans ser\u00e1n plantadas cerca de cursos fluviales de Picos de Europa.","breadcrumb":{"@id":"https:\/\/lifedivaqua.com\/en\/el-helecho-woodwardia-radicans-amplia-territorio-en-el-area-divaqua\/#breadcrumb"},"inLanguage":"en-US","potentialAction":[{"@type":"ReadAction","target":["https:\/\/lifedivaqua.com\/en\/el-helecho-woodwardia-radicans-amplia-territorio-en-el-area-divaqua\/"]}]},{"@type":"ImageObject","inLanguage":"en-US","@id":"https:\/\/lifedivaqua.com\/en\/el-helecho-woodwardia-radicans-amplia-territorio-en-el-area-divaqua\/#primaryimage","url":"https:\/\/lifedivaqua.com\/wp-content\/uploads\/2021\/04\/Woodwardia_TinaMayor_2-scaled.jpg","contentUrl":"https:\/\/lifedivaqua.com\/wp-content\/uploads\/2021\/04\/Woodwardia_TinaMayor_2-scaled.jpg","width":2560,"height":1920,"caption":"Helecho Woodwardia radicans"},{"@type":"BreadcrumbList","@id":"https:\/\/lifedivaqua.com\/en\/el-helecho-woodwardia-radicans-amplia-territorio-en-el-area-divaqua\/#breadcrumb","itemListElement":[{"@type":"ListItem","position":1,"name":"Home","item":"https:\/\/lifedivaqua.com\/en\/"},{"@type":"ListItem","position":2,"name":"El helecho Woodwardia radicans amplia territorio en el \u00e1rea DIVAQUA"}]},{"@type":"WebSite","@id":"https:\/\/lifedivaqua.com\/#website","url":"https:\/\/lifedivaqua.com\/","name":"Mejorando la Diversidad Acuatica en Picos de Europa","description":"DIVAQUA","potentialAction":[{"@type":"SearchAction","target":{"@type":"EntryPoint","urlTemplate":"https:\/\/lifedivaqua.com\/?s={search_term_string}"},"query-input":{"@type":"PropertyValueSpecification","valueRequired":true,"valueName":"search_term_string"}}],"inLanguage":"en-US"},{"@type":"Person","@id":"https:\/\/lifedivaqua.com\/#\/schema\/person\/450d8a0aed043f1b7ae8d2e0e39952a6","name":"Mar Ram\u00edrez","image":{"@type":"ImageObject","inLanguage":"en-US","@id":"https:\/\/secure.gravatar.com\/avatar\/5bedcb7de6a52347e42394dec9ede8930ff08ef7d9b9be9fc5eb0384eed24bb7?s=96&d=mm&r=g","url":"https:\/\/secure.gravatar.com\/avatar\/5bedcb7de6a52347e42394dec9ede8930ff08ef7d9b9be9fc5eb0384eed24bb7?s=96&d=mm&r=g","contentUrl":"https:\/\/secure.gravatar.com\/avatar\/5bedcb7de6a52347e42394dec9ede8930ff08ef7d9b9be9fc5eb0384eed24bb7?s=96&d=mm&r=g","caption":"Mar Ram\u00edrez"},"url":"https:\/\/lifedivaqua.com\/en\/author\/mar_divaqua\/"}]}},"_links":{"self":[{"href":"https:\/\/lifedivaqua.com\/en\/wp-json\/wp\/v2\/posts\/1041","targetHints":{"allow":["GET"]}}],"collection":[{"href":"https:\/\/lifedivaqua.com\/en\/wp-json\/wp\/v2\/posts"}],"about":[{"href":"https:\/\/lifedivaqua.com\/en\/wp-json\/wp\/v2\/types\/post"}],"author":[{"embeddable":true,"href":"https:\/\/lifedivaqua.com\/en\/wp-json\/wp\/v2\/users\/3"}],"replies":[{"embeddable":true,"href":"https:\/\/lifedivaqua.com\/en\/wp-json\/wp\/v2\/comments?post=1041"}],"version-history":[{"count":5,"href":"https:\/\/lifedivaqua.com\/en\/wp-json\/wp\/v2\/posts\/1041\/revisions"}],"predecessor-version":[{"id":1055,"href":"https:\/\/lifedivaqua.com\/en\/wp-json\/wp\/v2\/posts\/1041\/revisions\/1055"}],"wp:featuredmedia":[{"embeddable":true,"href":"https:\/\/lifedivaqua.com\/en\/wp-json\/wp\/v2\/media\/1007"}],"wp:attachment":[{"href":"https:\/\/lifedivaqua.com\/en\/wp-json\/wp\/v2\/media?parent=1041"}],"wp:term":[{"taxonomy":"category","embeddable":true,"href":"https:\/\/lifedivaqua.com\/en\/wp-json\/wp\/v2\/categories?post=1041"},{"taxonomy":"post_tag","embeddable":true,"href":"https:\/\/lifedivaqua.com\/en\/wp-json\/wp\/v2\/tags?post=1041"}],"curies":[{"name":"wp","href":"https:\/\/api.w.org\/{rel}","templated":true}]}}