{"id":1039,"date":"2021-03-26T13:54:45","date_gmt":"2021-03-26T12:54:45","guid":{"rendered":"https:\/\/lifedivaqua.com\/acuerdos-para-conservar-la-biodiversidad-de-montana\/"},"modified":"2022-08-01T21:16:48","modified_gmt":"2022-08-01T20:16:48","slug":"acuerdos-para-conservar-la-biodiversidad-de-montana","status":"publish","type":"post","link":"https:\/\/lifedivaqua.com\/en\/acuerdos-para-conservar-la-biodiversidad-de-montana\/","title":{"rendered":"ACUERDOS PARA CONSERVAR"},"content":{"rendered":"\n<h2 class=\"wp-block-heading\"><em>Aguas arriba del r\u00edo Deva avanza el consenso sobre abrevaderos, manantiales y humedales que acoger\u00e1n las actuaciones de conservaci\u00f3n LIFE DIVAQUA para conciliar con los usos tradicionales de la zona.<\/em><\/h2>\n\n\n\n<p>Con el inicio de la primavera se desarroll\u00f3 en Cantabria la segunda jornada de trabajo participativo con el fin de recabar la opini\u00f3n de los agentes sociales involucrados en los usos del agua y del territorio de Picos de Europa que habitan en la vertiente c\u00e1ntabra.<\/p>\n\n\n\n<p>Integrada en el programa de participaci\u00f3n ciudadana del proyecto europeo, esta reuni\u00f3n buscaba alcanzar decisiones consensuadas con los habitantes del territorio y las administraciones p\u00fablicas implicadas en el uso de estas masas de agua de Picos de Europa.<\/p>\n\n\n\n<p>El encuentro tuvo lugar en presencia del alcalde de Camale\u00f1o, \u00d3scar Casares, y de Borja de Mar\u00eda, presidente de la Junta Vecinal de Espinama, as\u00ed como con el equipo t\u00e9cnico de LIFE DIVAQUA. Este inform\u00f3 sobre el estado actual de abrevaderos, manantiales y humedales del \u00e1rea c\u00e1ntabra del parque nacional para ser validados por los agentes locales m\u00e1s directamente involucrados en su gesti\u00f3n y con ello evitar un conflicto de intereses entre las diferentes partes implicadas. Dichos enclaves fueron previamente caracterizados como candidatos de actuaci\u00f3n para llevar a cabo las mejoras del proyecto que restauren los ecosistemas acu\u00e1ticos de Picos de Europa.<\/p>\n\n\n\n<p>Entre los enclaves evaluados, incluidos en el dosier realizado mediante trabajo de campo previo, se hallan abrevaderos localizados en distintos entornos como \u00c1liva, Fuente D\u00e9 o Pe\u00f1a Oviedo, todos ellos dentro del municipio de Camale\u00f1o.<\/p>\n\n\n\n<h3 class=\"wp-block-heading\">Bienvenidos anfibios<\/h3>\n\n\n\n<p>La mayor\u00eda de dichas instalaciones, empleadas principalmente para abrevar al ganado, no disponen de rampas que faciliten el acceso y salida de los anfibios. Sin embargo resultan esenciales para su supervivencia y son masas de agua que funcionan a su vez como garant\u00eda del buen estado de sus poblaciones sobre todo en periodo de est\u00edo, cuando los usan, principalmente, como zona de reproducci\u00f3n. Asimismo presentan dificultades de abastecimiento h\u00eddrico en determinados momentos del a\u00f1o y algunos resultan inaccesibles a los anfibios.<\/p>\n\n\n\n<p>Entre los intereses planteados en la jornada t\u00e9cnica se debati\u00f3 sobre el mejor sistema de vallado perimetral para aislar los manantiales. Respecto a c\u00f3mo llevarlo a cabo se consider\u00f3 que, a trav\u00e9s de la guarder\u00eda del parque nacional, ser\u00eda una adecuada opci\u00f3n para as\u00ed garantizar su \u00e9xito de conservaci\u00f3n. A continuaci\u00f3n, se valor\u00f3 la generaci\u00f3n de&nbsp;nuevos puntos de agua si los cierres perimetrales planteados para los humedales<del>,<\/del> pudieran impedir el acceso del ganado al agua.<\/p>\n\n\n\n<h3 class=\"wp-block-heading\">Cierres perimetrales para la biodiversidad<\/h3>\n\n\n\n<p>Para conservar y mejorar el estado de los ecosistemas acu\u00e1ticos de Picos de Europa los t\u00e9cnicos LIFE DIVAQUA tambi\u00e9n han caracterizado diferentes masas de agua l\u00e9nticas (manantiales, surgencias y humedales) en el entorno de \u00c1liva, en Camale\u00f1o. En estos enclaves se ha acordado actuar en Las Salgardas, en la laguna de \u00c1liva, en Campomayor y en las surgencias que constituyen el nacimiento del r\u00edo Duje.<\/p>\n\n\n\n<p>Entre las actuaciones previstas se plantea establecer un cerramiento perimetral de madera equipado temporalmente con pastor el\u00e9ctrico mientras dura la \u00e9poca de mayor presi\u00f3n ganadera, entre los meses de junio y agosto. De este modo se favorecer\u00e1 la din\u00e1mica natural de dichas masas de agua facilitando as\u00ed la conservaci\u00f3n de la biodiversidad asociada a las mismas al prevenir y, en ocasiones, evitar el efecto que el ganado ocasiona en dichos cuerpos de agua.<\/p>\n\n\n\n<p>La importancia de conciliar todos los intereses de los agentes implicados en el territorio del parque nacional de Picos de Europa (PNPE) y su entorno incluido en Red Natura 2000 resulta esencial en este momento previo a la selecci\u00f3n de abrevaderos y masas de agua prioritarias.<\/p>\n\n\n\n<figure class=\"wp-block-image size-large\"><img loading=\"lazy\" decoding=\"async\" width=\"768\" height=\"1024\" src=\"https:\/\/lifedivaqua.com\/wp-content\/uploads\/2021\/03\/IMG-20210324-WA0008-01-768x1024.jpeg\" alt=\"Presentaci\u00f3n LIFE DIVAQUA en segunda jornada participativa del proyecto.\" class=\"wp-image-962\" srcset=\"https:\/\/lifedivaqua.com\/wp-content\/uploads\/2021\/03\/IMG-20210324-WA0008-01-768x1024.jpeg 768w, https:\/\/lifedivaqua.com\/wp-content\/uploads\/2021\/03\/IMG-20210324-WA0008-01-225x300.jpeg 225w, https:\/\/lifedivaqua.com\/wp-content\/uploads\/2021\/03\/IMG-20210324-WA0008-01-1152x1536.jpeg 1152w, https:\/\/lifedivaqua.com\/wp-content\/uploads\/2021\/03\/IMG-20210324-WA0008-01-600x800.jpeg 600w, https:\/\/lifedivaqua.com\/wp-content\/uploads\/2021\/03\/IMG-20210324-WA0008-01-700x933.jpeg 700w, https:\/\/lifedivaqua.com\/wp-content\/uploads\/2021\/03\/IMG-20210324-WA0008-01.jpeg 1200w\" sizes=\"auto, (max-width: 768px) 100vw, 768px\" \/><figcaption>Presentaci\u00f3n LIFE DIVAQUA en segunda jornada participativa del proyecto.<\/figcaption><\/figure>\n\n\n\n<h3 class=\"wp-block-heading\">Agua que une<\/h3>\n\n\n\n<p>El encuentro ha promovido la conciliaci\u00f3n de intereses para que las actuaciones sean beneficiosas a los usos que los habitantes hacen del territorio y que directamente est\u00e1n relacionados con dichos cuerpos de agua. As\u00ed se valoraron las intervenciones en el manantial de Fuente D\u00e9, cuyo consenso requerir\u00e1 un nuevo encuentro con los gestores del parador de turismo y los vecinos que, convocados a concejo, conocer\u00e1n directamente la actuaci\u00f3n que se pretende llevar a cabo.<\/p>\n\n\n\n<p>Tambi\u00e9n se valoraron las actuaciones a desarrollar en Las M\u00e1nforas para evitar que los sedimentos de la antigua explotaci\u00f3n minera lleguen a los ecosistemas acu\u00e1ticos y acaben afectando no solo a la diversidad biol\u00f3gica sino a los habitantes de la monta\u00f1a. Asimismo el alcalde de Camale\u00f1o plante\u00f3 el inter\u00e9s municipal por rehabilitar la antigua entrada de la mina para convertirla en un recurso tur\u00edstico, planteando la conveniencia de coordinarse en los futuros trabajos a realizar.<\/p>\n\n\n\n<p>Las actuaciones de LIFE DIVAQUA se enfocan en mantener y mejorar, seg\u00fan el caso, el estado de conservaci\u00f3n de los h\u00e1bitats y las especies de inter\u00e9s comunitario en los ecosistemas acu\u00e1ticos de las cuencas de los r\u00edos Deva-Cares y Sella.<\/p>\n\n\n\n<p>El Proyecto LIFE DIVAQUA est\u00e1 coordinado por la&nbsp;<a href=\"https:\/\/web.unican.es\/\" target=\"_blank\" rel=\"noreferrer noopener\">Universidad de Cantabria&nbsp;<\/a>a trav\u00e9s del&nbsp;<a href=\"https:\/\/ihcantabria.com\/\" target=\"_blank\" rel=\"noreferrer noopener\">Instituto de Hidr\u00e1ulica Ambiental<\/a>, como socios beneficiarios participan&nbsp;<a href=\"https:\/\/redcambera.org\/\" target=\"_blank\" rel=\"noreferrer noopener\">Red Cambera<\/a>,&nbsp;<a href=\"https:\/\/www.csic.es\/\" target=\"_blank\" rel=\"noreferrer noopener\">Consejo Superior de Investigaciones Cient\u00edficas (CSIC)<\/a>,&nbsp;<a href=\"https:\/\/www.itagra.com\/\" target=\"_blank\" rel=\"noreferrer noopener\">Centro Tecnol\u00f3gico Agrario y Agroalimentario Itagra.CT<\/a>,&nbsp;<a href=\"https:\/\/www.repsol.es\/es\/index.cshtml\" target=\"_blank\" rel=\"noreferrer noopener\">Repsol<\/a>,&nbsp;<a href=\"https:\/\/fundacionih.es\/\" target=\"_blank\" rel=\"noreferrer noopener\">Fundaci\u00f3n Instituto de Hidr\u00e1ulica Ambiental Cantabria&nbsp;<\/a>y los Gobiernos auton\u00f3micos del&nbsp;<a href=\"http:\/\/movil.asturias.es\/\" target=\"_blank\" rel=\"noreferrer noopener\">Principado de Asturias<\/a>&nbsp;y la&nbsp;<a href=\"https:\/\/www.jcyl.es\/\" target=\"_blank\" rel=\"noreferrer noopener\">Junta de Castilla y Le\u00f3n<\/a>. Cuenta con la cofinanciaci\u00f3n de la&nbsp;<a href=\"https:\/\/www.cantabria.es\/web\/consejeria-de-desarrollo-rural-ganaderia-pesca-y-biodiversidad\" target=\"_blank\" rel=\"noreferrer noopener\">Consejer\u00eda de Desarrollo Rural, Ganader\u00eda, Pesca, Alimentaci\u00f3n y Medio Ambiente del Gobierno de Cantabria<\/a>&nbsp;y&nbsp;<a href=\"https:\/\/www.navarrosic.com\/\" target=\"_blank\" rel=\"noreferrer noopener\">Navarro Generaci\u00f3n<\/a>.<\/p>\n","protected":false},"excerpt":{"rendered":"<p>Aguas arriba del r\u00edo Deva avanza el consenso sobre abrevaderos, manantiales y humedales que acoger\u00e1n las actuaciones de conservaci\u00f3n LIFE DIVAQUA para conciliar con los usos tradicionales de la zona. Con el inicio de la primavera se desarroll\u00f3 en Cantabria la segunda jornada de trabajo&#8230;<\/p>\n","protected":false},"author":3,"featured_media":965,"comment_status":"open","ping_status":"closed","sticky":false,"template":"","format":"standard","meta":{"footnotes":""},"categories":[31],"tags":[137,155,35,34,156,157,33,158],"class_list":["post-1039","post","type-post","status-publish","format-standard","has-post-thumbnail","hentry","category-noticias-en","tag-agua-en","tag-anfibios-en","tag-biodiversidad-en","tag-conservacion-en","tag-ganaderia-2-en","tag-jornadas-en","tag-picos-de-europa-en","tag-usos-del-agua-en"],"yoast_head":"<!-- This site is optimized with the Yoast SEO plugin v27.4 - https:\/\/yoast.com\/product\/yoast-seo-wordpress\/ -->\n<title>ACUERDOS PARA CONSERVAR - Mejorando la Diversidad Acuatica en Picos de Europa<\/title>\n<meta name=\"description\" content=\"En Cantabria se ha celebrado la segunda jornada participativa LIFE DIVAQUA para consensuar usos del agua con los agentes del territorio.\" \/>\n<meta name=\"robots\" content=\"index, follow, max-snippet:-1, max-image-preview:large, max-video-preview:-1\" \/>\n<link rel=\"canonical\" href=\"https:\/\/lifedivaqua.com\/en\/acuerdos-para-conservar-la-biodiversidad-de-montana\/\" \/>\n<meta property=\"og:locale\" content=\"en_US\" \/>\n<meta property=\"og:type\" content=\"article\" \/>\n<meta property=\"og:title\" content=\"ACUERDOS PARA CONSERVAR - Mejorando la Diversidad Acuatica en Picos de Europa\" \/>\n<meta property=\"og:description\" content=\"En Cantabria se ha celebrado la segunda jornada participativa LIFE DIVAQUA para consensuar usos del agua con los agentes del territorio.\" \/>\n<meta property=\"og:url\" content=\"https:\/\/lifedivaqua.com\/en\/acuerdos-para-conservar-la-biodiversidad-de-montana\/\" \/>\n<meta property=\"og:site_name\" content=\"Mejorando la Diversidad Acuatica en Picos de Europa\" \/>\n<meta property=\"article:published_time\" content=\"2021-03-26T12:54:45+00:00\" \/>\n<meta property=\"article:modified_time\" content=\"2022-08-01T20:16:48+00:00\" \/>\n<meta property=\"og:image\" content=\"https:\/\/lifedivaqua.com\/wp-content\/uploads\/2021\/03\/IMG-20210324-WA0012-01.jpeg\" \/>\n\t<meta property=\"og:image:width\" content=\"1366\" \/>\n\t<meta property=\"og:image:height\" content=\"1025\" \/>\n\t<meta property=\"og:image:type\" content=\"image\/jpeg\" \/>\n<meta name=\"author\" content=\"Mar Ram\u00edrez\" \/>\n<meta name=\"twitter:card\" content=\"summary_large_image\" \/>\n<meta name=\"twitter:label1\" content=\"Written by\" \/>\n\t<meta name=\"twitter:data1\" content=\"Mar Ram\u00edrez\" \/>\n\t<meta name=\"twitter:label2\" content=\"Est. reading time\" \/>\n\t<meta name=\"twitter:data2\" content=\"5 minutes\" \/>\n<script type=\"application\/ld+json\" class=\"yoast-schema-graph\">{\"@context\":\"https:\\\/\\\/schema.org\",\"@graph\":[{\"@type\":\"Article\",\"@id\":\"https:\\\/\\\/lifedivaqua.com\\\/en\\\/acuerdos-para-conservar-la-biodiversidad-de-montana\\\/#article\",\"isPartOf\":{\"@id\":\"https:\\\/\\\/lifedivaqua.com\\\/en\\\/acuerdos-para-conservar-la-biodiversidad-de-montana\\\/\"},\"author\":{\"name\":\"Mar Ram\u00edrez\",\"@id\":\"https:\\\/\\\/lifedivaqua.com\\\/#\\\/schema\\\/person\\\/450d8a0aed043f1b7ae8d2e0e39952a6\"},\"headline\":\"ACUERDOS PARA CONSERVAR\",\"datePublished\":\"2021-03-26T12:54:45+00:00\",\"dateModified\":\"2022-08-01T20:16:48+00:00\",\"mainEntityOfPage\":{\"@id\":\"https:\\\/\\\/lifedivaqua.com\\\/en\\\/acuerdos-para-conservar-la-biodiversidad-de-montana\\\/\"},\"wordCount\":977,\"commentCount\":0,\"image\":{\"@id\":\"https:\\\/\\\/lifedivaqua.com\\\/en\\\/acuerdos-para-conservar-la-biodiversidad-de-montana\\\/#primaryimage\"},\"thumbnailUrl\":\"https:\\\/\\\/lifedivaqua.com\\\/wp-content\\\/uploads\\\/2021\\\/03\\\/IMG-20210324-WA0012-01.jpeg\",\"keywords\":[\"agua\",\"anfibios\",\"biodiversidad\",\"conservaci\u00f3n\",\"ganaderia\",\"jornadas\",\"Picos de Europa\",\"usos del agua\"],\"articleSection\":[\"Noticias\"],\"inLanguage\":\"en-US\",\"potentialAction\":[{\"@type\":\"CommentAction\",\"name\":\"Comment\",\"target\":[\"https:\\\/\\\/lifedivaqua.com\\\/en\\\/acuerdos-para-conservar-la-biodiversidad-de-montana\\\/#respond\"]}]},{\"@type\":\"WebPage\",\"@id\":\"https:\\\/\\\/lifedivaqua.com\\\/en\\\/acuerdos-para-conservar-la-biodiversidad-de-montana\\\/\",\"url\":\"https:\\\/\\\/lifedivaqua.com\\\/en\\\/acuerdos-para-conservar-la-biodiversidad-de-montana\\\/\",\"name\":\"ACUERDOS PARA CONSERVAR - Mejorando la Diversidad Acuatica en Picos de Europa\",\"isPartOf\":{\"@id\":\"https:\\\/\\\/lifedivaqua.com\\\/#website\"},\"primaryImageOfPage\":{\"@id\":\"https:\\\/\\\/lifedivaqua.com\\\/en\\\/acuerdos-para-conservar-la-biodiversidad-de-montana\\\/#primaryimage\"},\"image\":{\"@id\":\"https:\\\/\\\/lifedivaqua.com\\\/en\\\/acuerdos-para-conservar-la-biodiversidad-de-montana\\\/#primaryimage\"},\"thumbnailUrl\":\"https:\\\/\\\/lifedivaqua.com\\\/wp-content\\\/uploads\\\/2021\\\/03\\\/IMG-20210324-WA0012-01.jpeg\",\"datePublished\":\"2021-03-26T12:54:45+00:00\",\"dateModified\":\"2022-08-01T20:16:48+00:00\",\"author\":{\"@id\":\"https:\\\/\\\/lifedivaqua.com\\\/#\\\/schema\\\/person\\\/450d8a0aed043f1b7ae8d2e0e39952a6\"},\"description\":\"En Cantabria se ha celebrado la segunda jornada participativa LIFE DIVAQUA para consensuar usos del agua con los agentes del territorio.\",\"breadcrumb\":{\"@id\":\"https:\\\/\\\/lifedivaqua.com\\\/en\\\/acuerdos-para-conservar-la-biodiversidad-de-montana\\\/#breadcrumb\"},\"inLanguage\":\"en-US\",\"potentialAction\":[{\"@type\":\"ReadAction\",\"target\":[\"https:\\\/\\\/lifedivaqua.com\\\/en\\\/acuerdos-para-conservar-la-biodiversidad-de-montana\\\/\"]}]},{\"@type\":\"ImageObject\",\"inLanguage\":\"en-US\",\"@id\":\"https:\\\/\\\/lifedivaqua.com\\\/en\\\/acuerdos-para-conservar-la-biodiversidad-de-montana\\\/#primaryimage\",\"url\":\"https:\\\/\\\/lifedivaqua.com\\\/wp-content\\\/uploads\\\/2021\\\/03\\\/IMG-20210324-WA0012-01.jpeg\",\"contentUrl\":\"https:\\\/\\\/lifedivaqua.com\\\/wp-content\\\/uploads\\\/2021\\\/03\\\/IMG-20210324-WA0012-01.jpeg\",\"width\":1366,\"height\":1025,\"caption\":\"Reuni\u00f3n con los agentes locales de Camale\u00f1o y Espinama.\"},{\"@type\":\"BreadcrumbList\",\"@id\":\"https:\\\/\\\/lifedivaqua.com\\\/en\\\/acuerdos-para-conservar-la-biodiversidad-de-montana\\\/#breadcrumb\",\"itemListElement\":[{\"@type\":\"ListItem\",\"position\":1,\"name\":\"Home\",\"item\":\"https:\\\/\\\/lifedivaqua.com\\\/en\\\/\"},{\"@type\":\"ListItem\",\"position\":2,\"name\":\"ACUERDOS PARA CONSERVAR\"}]},{\"@type\":\"WebSite\",\"@id\":\"https:\\\/\\\/lifedivaqua.com\\\/#website\",\"url\":\"https:\\\/\\\/lifedivaqua.com\\\/\",\"name\":\"Mejorando la Diversidad Acuatica en Picos de Europa\",\"description\":\"DIVAQUA\",\"potentialAction\":[{\"@type\":\"SearchAction\",\"target\":{\"@type\":\"EntryPoint\",\"urlTemplate\":\"https:\\\/\\\/lifedivaqua.com\\\/?s={search_term_string}\"},\"query-input\":{\"@type\":\"PropertyValueSpecification\",\"valueRequired\":true,\"valueName\":\"search_term_string\"}}],\"inLanguage\":\"en-US\"},{\"@type\":\"Person\",\"@id\":\"https:\\\/\\\/lifedivaqua.com\\\/#\\\/schema\\\/person\\\/450d8a0aed043f1b7ae8d2e0e39952a6\",\"name\":\"Mar Ram\u00edrez\",\"image\":{\"@type\":\"ImageObject\",\"inLanguage\":\"en-US\",\"@id\":\"https:\\\/\\\/secure.gravatar.com\\\/avatar\\\/5bedcb7de6a52347e42394dec9ede8930ff08ef7d9b9be9fc5eb0384eed24bb7?s=96&d=mm&r=g\",\"url\":\"https:\\\/\\\/secure.gravatar.com\\\/avatar\\\/5bedcb7de6a52347e42394dec9ede8930ff08ef7d9b9be9fc5eb0384eed24bb7?s=96&d=mm&r=g\",\"contentUrl\":\"https:\\\/\\\/secure.gravatar.com\\\/avatar\\\/5bedcb7de6a52347e42394dec9ede8930ff08ef7d9b9be9fc5eb0384eed24bb7?s=96&d=mm&r=g\",\"caption\":\"Mar Ram\u00edrez\"},\"url\":\"https:\\\/\\\/lifedivaqua.com\\\/en\\\/author\\\/mar_divaqua\\\/\"}]}<\/script>\n<!-- \/ Yoast SEO plugin. -->","yoast_head_json":{"title":"ACUERDOS PARA CONSERVAR - Mejorando la Diversidad Acuatica en Picos de Europa","description":"En Cantabria se ha celebrado la segunda jornada participativa LIFE DIVAQUA para consensuar usos del agua con los agentes del territorio.","robots":{"index":"index","follow":"follow","max-snippet":"max-snippet:-1","max-image-preview":"max-image-preview:large","max-video-preview":"max-video-preview:-1"},"canonical":"https:\/\/lifedivaqua.com\/en\/acuerdos-para-conservar-la-biodiversidad-de-montana\/","og_locale":"en_US","og_type":"article","og_title":"ACUERDOS PARA CONSERVAR - Mejorando la Diversidad Acuatica en Picos de Europa","og_description":"En Cantabria se ha celebrado la segunda jornada participativa LIFE DIVAQUA para consensuar usos del agua con los agentes del territorio.","og_url":"https:\/\/lifedivaqua.com\/en\/acuerdos-para-conservar-la-biodiversidad-de-montana\/","og_site_name":"Mejorando la Diversidad Acuatica en Picos de Europa","article_published_time":"2021-03-26T12:54:45+00:00","article_modified_time":"2022-08-01T20:16:48+00:00","og_image":[{"width":1366,"height":1025,"url":"https:\/\/lifedivaqua.com\/wp-content\/uploads\/2021\/03\/IMG-20210324-WA0012-01.jpeg","type":"image\/jpeg"}],"author":"Mar Ram\u00edrez","twitter_card":"summary_large_image","twitter_misc":{"Written by":"Mar Ram\u00edrez","Est. reading time":"5 minutes"},"schema":{"@context":"https:\/\/schema.org","@graph":[{"@type":"Article","@id":"https:\/\/lifedivaqua.com\/en\/acuerdos-para-conservar-la-biodiversidad-de-montana\/#article","isPartOf":{"@id":"https:\/\/lifedivaqua.com\/en\/acuerdos-para-conservar-la-biodiversidad-de-montana\/"},"author":{"name":"Mar Ram\u00edrez","@id":"https:\/\/lifedivaqua.com\/#\/schema\/person\/450d8a0aed043f1b7ae8d2e0e39952a6"},"headline":"ACUERDOS PARA CONSERVAR","datePublished":"2021-03-26T12:54:45+00:00","dateModified":"2022-08-01T20:16:48+00:00","mainEntityOfPage":{"@id":"https:\/\/lifedivaqua.com\/en\/acuerdos-para-conservar-la-biodiversidad-de-montana\/"},"wordCount":977,"commentCount":0,"image":{"@id":"https:\/\/lifedivaqua.com\/en\/acuerdos-para-conservar-la-biodiversidad-de-montana\/#primaryimage"},"thumbnailUrl":"https:\/\/lifedivaqua.com\/wp-content\/uploads\/2021\/03\/IMG-20210324-WA0012-01.jpeg","keywords":["agua","anfibios","biodiversidad","conservaci\u00f3n","ganaderia","jornadas","Picos de Europa","usos del agua"],"articleSection":["Noticias"],"inLanguage":"en-US","potentialAction":[{"@type":"CommentAction","name":"Comment","target":["https:\/\/lifedivaqua.com\/en\/acuerdos-para-conservar-la-biodiversidad-de-montana\/#respond"]}]},{"@type":"WebPage","@id":"https:\/\/lifedivaqua.com\/en\/acuerdos-para-conservar-la-biodiversidad-de-montana\/","url":"https:\/\/lifedivaqua.com\/en\/acuerdos-para-conservar-la-biodiversidad-de-montana\/","name":"ACUERDOS PARA CONSERVAR - Mejorando la Diversidad Acuatica en Picos de Europa","isPartOf":{"@id":"https:\/\/lifedivaqua.com\/#website"},"primaryImageOfPage":{"@id":"https:\/\/lifedivaqua.com\/en\/acuerdos-para-conservar-la-biodiversidad-de-montana\/#primaryimage"},"image":{"@id":"https:\/\/lifedivaqua.com\/en\/acuerdos-para-conservar-la-biodiversidad-de-montana\/#primaryimage"},"thumbnailUrl":"https:\/\/lifedivaqua.com\/wp-content\/uploads\/2021\/03\/IMG-20210324-WA0012-01.jpeg","datePublished":"2021-03-26T12:54:45+00:00","dateModified":"2022-08-01T20:16:48+00:00","author":{"@id":"https:\/\/lifedivaqua.com\/#\/schema\/person\/450d8a0aed043f1b7ae8d2e0e39952a6"},"description":"En Cantabria se ha celebrado la segunda jornada participativa LIFE DIVAQUA para consensuar usos del agua con los agentes del territorio.","breadcrumb":{"@id":"https:\/\/lifedivaqua.com\/en\/acuerdos-para-conservar-la-biodiversidad-de-montana\/#breadcrumb"},"inLanguage":"en-US","potentialAction":[{"@type":"ReadAction","target":["https:\/\/lifedivaqua.com\/en\/acuerdos-para-conservar-la-biodiversidad-de-montana\/"]}]},{"@type":"ImageObject","inLanguage":"en-US","@id":"https:\/\/lifedivaqua.com\/en\/acuerdos-para-conservar-la-biodiversidad-de-montana\/#primaryimage","url":"https:\/\/lifedivaqua.com\/wp-content\/uploads\/2021\/03\/IMG-20210324-WA0012-01.jpeg","contentUrl":"https:\/\/lifedivaqua.com\/wp-content\/uploads\/2021\/03\/IMG-20210324-WA0012-01.jpeg","width":1366,"height":1025,"caption":"Reuni\u00f3n con los agentes locales de Camale\u00f1o y Espinama."},{"@type":"BreadcrumbList","@id":"https:\/\/lifedivaqua.com\/en\/acuerdos-para-conservar-la-biodiversidad-de-montana\/#breadcrumb","itemListElement":[{"@type":"ListItem","position":1,"name":"Home","item":"https:\/\/lifedivaqua.com\/en\/"},{"@type":"ListItem","position":2,"name":"ACUERDOS PARA CONSERVAR"}]},{"@type":"WebSite","@id":"https:\/\/lifedivaqua.com\/#website","url":"https:\/\/lifedivaqua.com\/","name":"Mejorando la Diversidad Acuatica en Picos de Europa","description":"DIVAQUA","potentialAction":[{"@type":"SearchAction","target":{"@type":"EntryPoint","urlTemplate":"https:\/\/lifedivaqua.com\/?s={search_term_string}"},"query-input":{"@type":"PropertyValueSpecification","valueRequired":true,"valueName":"search_term_string"}}],"inLanguage":"en-US"},{"@type":"Person","@id":"https:\/\/lifedivaqua.com\/#\/schema\/person\/450d8a0aed043f1b7ae8d2e0e39952a6","name":"Mar Ram\u00edrez","image":{"@type":"ImageObject","inLanguage":"en-US","@id":"https:\/\/secure.gravatar.com\/avatar\/5bedcb7de6a52347e42394dec9ede8930ff08ef7d9b9be9fc5eb0384eed24bb7?s=96&d=mm&r=g","url":"https:\/\/secure.gravatar.com\/avatar\/5bedcb7de6a52347e42394dec9ede8930ff08ef7d9b9be9fc5eb0384eed24bb7?s=96&d=mm&r=g","contentUrl":"https:\/\/secure.gravatar.com\/avatar\/5bedcb7de6a52347e42394dec9ede8930ff08ef7d9b9be9fc5eb0384eed24bb7?s=96&d=mm&r=g","caption":"Mar Ram\u00edrez"},"url":"https:\/\/lifedivaqua.com\/en\/author\/mar_divaqua\/"}]}},"_links":{"self":[{"href":"https:\/\/lifedivaqua.com\/en\/wp-json\/wp\/v2\/posts\/1039","targetHints":{"allow":["GET"]}}],"collection":[{"href":"https:\/\/lifedivaqua.com\/en\/wp-json\/wp\/v2\/posts"}],"about":[{"href":"https:\/\/lifedivaqua.com\/en\/wp-json\/wp\/v2\/types\/post"}],"author":[{"embeddable":true,"href":"https:\/\/lifedivaqua.com\/en\/wp-json\/wp\/v2\/users\/3"}],"replies":[{"embeddable":true,"href":"https:\/\/lifedivaqua.com\/en\/wp-json\/wp\/v2\/comments?post=1039"}],"version-history":[{"count":1,"href":"https:\/\/lifedivaqua.com\/en\/wp-json\/wp\/v2\/posts\/1039\/revisions"}],"predecessor-version":[{"id":1040,"href":"https:\/\/lifedivaqua.com\/en\/wp-json\/wp\/v2\/posts\/1039\/revisions\/1040"}],"wp:featuredmedia":[{"embeddable":true,"href":"https:\/\/lifedivaqua.com\/en\/wp-json\/wp\/v2\/media\/965"}],"wp:attachment":[{"href":"https:\/\/lifedivaqua.com\/en\/wp-json\/wp\/v2\/media?parent=1039"}],"wp:term":[{"taxonomy":"category","embeddable":true,"href":"https:\/\/lifedivaqua.com\/en\/wp-json\/wp\/v2\/categories?post=1039"},{"taxonomy":"post_tag","embeddable":true,"href":"https:\/\/lifedivaqua.com\/en\/wp-json\/wp\/v2\/tags?post=1039"}],"curies":[{"name":"wp","href":"https:\/\/api.w.org\/{rel}","templated":true}]}}